{"id":632,"date":"2010-09-23T15:23:28","date_gmt":"2010-09-23T19:23:28","guid":{"rendered":"http:\/\/blogviejo.sld.cu\/avisosciclon\/?p=632"},"modified":"2010-09-23T15:23:28","modified_gmt":"2010-09-23T19:23:28","slug":"depresion-tropical-igor-aviso-no-3","status":"publish","type":"post","link":"https:\/\/blogs.sld.cu\/behique\/2010\/09\/23\/depresion-tropical-igor-aviso-no-3\/","title":{"rendered":"Depresi\u00f3n tropical Igor Aviso No. 3"},"content":{"rendered":"<p>Aviso de Cicl\u00f3n Tropical.<br \/>\nCentro de Pron\u00f3sticos, INSMET.<br \/>\nFecha: 9 de Septiembre de 2010 Hora: 6:00 PM.<\/p>\n<p>AVISO DE CICLON TROPICAL No 3.<\/p>\n<p>DEPRESION TROPICAL IGOR.<\/p>\n<p>&#8230; Igor se debilita en el Atl\u00e1ntico lejano&#8230;<\/p>\n<p>La tormenta tropical Igor perdi\u00f3 en organizaci\u00f3n e intensidad durante la tarde y ahora es una depresi\u00f3n tropical con vientos m\u00e1ximos sostenidos de 55 kil\u00f3metros por hora, con rachas superiores y una presi\u00f3n m\u00ednima central de 1004 hectoPascal.<\/p>\n<p>A las seis de la tarde, la regi\u00f3n central de Igor se estim\u00f3 en los 16.1 grados de latitud Norte y 26.5 grados de longitud Oeste, posici\u00f3n que lo sit\u00faa a unos 390 kil\u00f3metros al Oeste de las islas de Cabo Verde, en el Atl\u00e1ntico lejano.<\/p>\n<p>Este organismo tropical se desplaza con rumbo pr\u00f3ximo al Noroeste a raz\u00f3n de 20 kil\u00f3metros por hora.<\/p>\n<p>Se pronostica que en las pr\u00f3ximas 24 a 48 horas, Igor incline su trayectoria al Oeste noroeste incrementando su velocidad de traslaci\u00f3n, pudiendo ganar algo en organizaci\u00f3n e intensidad.<\/p>\n<p>El pr\u00f3ximo Aviso de Cicl\u00f3n Tropical se emitir\u00e1 a las seis de la tarde del viernes.<\/p>\n<p>Y. Berm\u00fadez Y. Mart\u00ednez.<\/p>\n","protected":false},"excerpt":{"rendered":"<p>Aviso de Cicl\u00f3n Tropical. Centro de Pron\u00f3sticos, INSMET. Fecha: 9 de Septiembre de 2010 Hora: 6:00 PM. AVISO DE CICLON TROPICAL No 3. DEPRESION TROPICAL IGOR. &#8230; Igor se debilita en el Atl\u00e1ntico lejano&#8230; La tormenta tropical Igor perdi\u00f3 en organizaci\u00f3n e intensidad durante la tarde y ahora es una depresi\u00f3n tropical con vientos m\u00e1ximos [&hellip;]<\/p>\n","protected":false},"author":169,"featured_media":0,"comment_status":"closed","ping_status":"open","sticky":false,"template":"","format":"standard","meta":[],"categories":[74,133,7],"tags":[],"_links":{"self":[{"href":"https:\/\/blogs.sld.cu\/behique\/wp-json\/wp\/v2\/posts\/632"}],"collection":[{"href":"https:\/\/blogs.sld.cu\/behique\/wp-json\/wp\/v2\/posts"}],"about":[{"href":"https:\/\/blogs.sld.cu\/behique\/wp-json\/wp\/v2\/types\/post"}],"author":[{"embeddable":true,"href":"https:\/\/blogs.sld.cu\/behique\/wp-json\/wp\/v2\/users\/169"}],"replies":[{"embeddable":true,"href":"https:\/\/blogs.sld.cu\/behique\/wp-json\/wp\/v2\/comments?post=632"}],"version-history":[{"count":0,"href":"https:\/\/blogs.sld.cu\/behique\/wp-json\/wp\/v2\/posts\/632\/revisions"}],"wp:attachment":[{"href":"https:\/\/blogs.sld.cu\/behique\/wp-json\/wp\/v2\/media?parent=632"}],"wp:term":[{"taxonomy":"category","embeddable":true,"href":"https:\/\/blogs.sld.cu\/behique\/wp-json\/wp\/v2\/categories?post=632"},{"taxonomy":"post_tag","embeddable":true,"href":"https:\/\/blogs.sld.cu\/behique\/wp-json\/wp\/v2\/tags?post=632"}],"curies":[{"name":"wp","href":"https:\/\/api.w.org\/{rel}","templated":true}]}}