{"id":639,"date":"2010-09-23T15:27:42","date_gmt":"2010-09-23T19:27:42","guid":{"rendered":"http:\/\/blogviejo.sld.cu\/avisosciclon\/?p=639"},"modified":"2010-09-23T15:27:42","modified_gmt":"2010-09-23T19:27:42","slug":"tormenta-tropical-igor-aviso-no-6","status":"publish","type":"post","link":"https:\/\/blogs.sld.cu\/behique\/2010\/09\/23\/tormenta-tropical-igor-aviso-no-6\/","title":{"rendered":"Tormenta tropical Igor Aviso No. 6"},"content":{"rendered":"<p>Aviso de Cicl\u00f3n Tropical.<br \/>\nCentro de Pron\u00f3sticos, INSMET.<br \/>\nFecha: 11 de Septiembre de 2010 Hora: 6:00 PM.<\/p>\n<p>AVISO DE CICLON TROPICAL No 6.<\/p>\n<p>TORMENTA TROPICAL IGOR.<\/p>\n<p>&#8230;Igor pr\u00f3ximo a la categor\u00eda de hurac\u00e1n&#8230;<\/p>\n<p>La Tormenta Tropical Igor, durante el d\u00eda de hoy ha continuado ganando en organizaci\u00f3n e intensidad y ahora tiene vientos m\u00e1ximos sostenidos de 110 kil\u00f3metros por hora, con rachas superiores y su presi\u00f3n m\u00ednima central ha descendido a 995 hectoPascal.<\/p>\n<p>A las seis de la tarde, su centro se estim\u00f3 en 17.4 grados de latitud Norte y 41.5 grados de longitud Oeste, posici\u00f3n que lo sit\u00faa a 1970 kil\u00f3metros al Oeste de las Islas de Cabo Verde, en el Atl\u00e1ntico lejano.<\/p>\n<p>La tormenta tropical se desplaza con rumbo pr\u00f3ximo al Oeste a 30 kil\u00f3metros por hora.<\/p>\n<p>Se pronostica que en las pr\u00f3ximas 24 a 48 horas, Igor se mover\u00e1 con igual rumbo y una disminuci\u00f3n gradual de su velocidad de traslaci\u00f3n, ganando aun m\u00e1s en organizaci\u00f3n e intensidad, con posibilidad de convertirse en hurac\u00e1n durante la noche de hoy o madrugada del domingo.<\/p>\n<p>El pr\u00f3ximo Aviso de Cicl\u00f3n Tropical se emitir\u00e1 a las seis de la tarde del domingo.<\/p>\n<p>J. Gonz\u00e1lez\u00a0\u00a0\u00a0 A. Espinosa.<\/p>\n","protected":false},"excerpt":{"rendered":"<p>Aviso de Cicl\u00f3n Tropical. Centro de Pron\u00f3sticos, INSMET. Fecha: 11 de Septiembre de 2010 Hora: 6:00 PM. AVISO DE CICLON TROPICAL No 6. TORMENTA TROPICAL IGOR. &#8230;Igor pr\u00f3ximo a la categor\u00eda de hurac\u00e1n&#8230; La Tormenta Tropical Igor, durante el d\u00eda de hoy ha continuado ganando en organizaci\u00f3n e intensidad y ahora tiene vientos m\u00e1ximos sostenidos [&hellip;]<\/p>\n","protected":false},"author":169,"featured_media":0,"comment_status":"closed","ping_status":"open","sticky":false,"template":"","format":"standard","meta":[],"categories":[74,133,7],"tags":[],"_links":{"self":[{"href":"https:\/\/blogs.sld.cu\/behique\/wp-json\/wp\/v2\/posts\/639"}],"collection":[{"href":"https:\/\/blogs.sld.cu\/behique\/wp-json\/wp\/v2\/posts"}],"about":[{"href":"https:\/\/blogs.sld.cu\/behique\/wp-json\/wp\/v2\/types\/post"}],"author":[{"embeddable":true,"href":"https:\/\/blogs.sld.cu\/behique\/wp-json\/wp\/v2\/users\/169"}],"replies":[{"embeddable":true,"href":"https:\/\/blogs.sld.cu\/behique\/wp-json\/wp\/v2\/comments?post=639"}],"version-history":[{"count":0,"href":"https:\/\/blogs.sld.cu\/behique\/wp-json\/wp\/v2\/posts\/639\/revisions"}],"wp:attachment":[{"href":"https:\/\/blogs.sld.cu\/behique\/wp-json\/wp\/v2\/media?parent=639"}],"wp:term":[{"taxonomy":"category","embeddable":true,"href":"https:\/\/blogs.sld.cu\/behique\/wp-json\/wp\/v2\/categories?post=639"},{"taxonomy":"post_tag","embeddable":true,"href":"https:\/\/blogs.sld.cu\/behique\/wp-json\/wp\/v2\/tags?post=639"}],"curies":[{"name":"wp","href":"https:\/\/api.w.org\/{rel}","templated":true}]}}