{"id":646,"date":"2010-09-23T15:48:40","date_gmt":"2010-09-23T19:48:40","guid":{"rendered":"http:\/\/blogviejo.sld.cu\/avisosciclon\/?p=646"},"modified":"2010-09-23T15:48:40","modified_gmt":"2010-09-23T19:48:40","slug":"depresion-tropical-no-12-aviso-no-1","status":"publish","type":"post","link":"https:\/\/blogs.sld.cu\/behique\/2010\/09\/23\/depresion-tropical-no-12-aviso-no-1\/","title":{"rendered":"Depresi\u00f3n tropical No. 12 Aviso No. 1"},"content":{"rendered":"<p>Aviso de Cicl\u00f3n Tropical.<br \/>\nCentro de Pron\u00f3sticos, INSMET.<br \/>\nFecha: 12 de Septiembre de 2010 Hora: 11: 00 AM.<\/p>\n<p>AVISO DE CICLON TROPICAL No 1.<\/p>\n<p>DEPRESI\u00d3N TROPICAL No. 12.<\/p>\n<p>&#8230; se forma la duod\u00e9cima depresi\u00f3n tropical&#8230;<\/p>\n<p>Durante la ma\u00f1ana de hoy, el \u00e1rea de bajas presiones que se encontraba pr\u00f3xima a las costas de \u00c1frica, en el Atl\u00e1ntico lejano, continu\u00f3 ganando en organizaci\u00f3n e intensidad y se convirti\u00f3 en la duod\u00e9cima depresi\u00f3n tropical de la actual temporada cicl\u00f3nica.<\/p>\n<p>A las once de la ma\u00f1ana su regi\u00f3n central fue localizada en los 12.7 grados latitud Norte y 21.4<\/p>\n<p>grados de longitud Oeste, a unos 400 kil\u00f3metros al sudeste de las islas de Cabo Verde.<\/p>\n<p>Esta depresi\u00f3n tropical tiene vientos m\u00e1ximos sostenidos de 55 kil\u00f3metros por hora, con rachas superiores. Su presi\u00f3n central es de 1006 hectoPascal y se desplaza con rumbo Oeste a raz\u00f3n de 22 kil\u00f3metros por hora.<\/p>\n<p>Se pronostica que en las pr\u00f3ximas 24 a 48 horas, este organismo tropical mantenga el mismo rumbo con igual velocidad de traslaci\u00f3n pudiendo ganar en organizaci\u00f3n e intensidad y convertirse en una tormenta tropical.<\/p>\n<p>El pr\u00f3ximo Aviso de Cicl\u00f3n Tropical se emitir\u00e1 a las seis de la tarde de hoy.<\/p>\n<p>M. A. Hern\u00e1ndez\u00a0\u00a0\u00a0 J. Palacios.<\/p>\n","protected":false},"excerpt":{"rendered":"<p>Aviso de Cicl\u00f3n Tropical. Centro de Pron\u00f3sticos, INSMET. Fecha: 12 de Septiembre de 2010 Hora: 11: 00 AM. AVISO DE CICLON TROPICAL No 1. DEPRESI\u00d3N TROPICAL No. 12. &#8230; se forma la duod\u00e9cima depresi\u00f3n tropical&#8230; Durante la ma\u00f1ana de hoy, el \u00e1rea de bajas presiones que se encontraba pr\u00f3xima a las costas de \u00c1frica, en [&hellip;]<\/p>\n","protected":false},"author":169,"featured_media":0,"comment_status":"closed","ping_status":"open","sticky":false,"template":"","format":"standard","meta":[],"categories":[79,136,7],"tags":[],"_links":{"self":[{"href":"https:\/\/blogs.sld.cu\/behique\/wp-json\/wp\/v2\/posts\/646"}],"collection":[{"href":"https:\/\/blogs.sld.cu\/behique\/wp-json\/wp\/v2\/posts"}],"about":[{"href":"https:\/\/blogs.sld.cu\/behique\/wp-json\/wp\/v2\/types\/post"}],"author":[{"embeddable":true,"href":"https:\/\/blogs.sld.cu\/behique\/wp-json\/wp\/v2\/users\/169"}],"replies":[{"embeddable":true,"href":"https:\/\/blogs.sld.cu\/behique\/wp-json\/wp\/v2\/comments?post=646"}],"version-history":[{"count":0,"href":"https:\/\/blogs.sld.cu\/behique\/wp-json\/wp\/v2\/posts\/646\/revisions"}],"wp:attachment":[{"href":"https:\/\/blogs.sld.cu\/behique\/wp-json\/wp\/v2\/media?parent=646"}],"wp:term":[{"taxonomy":"category","embeddable":true,"href":"https:\/\/blogs.sld.cu\/behique\/wp-json\/wp\/v2\/categories?post=646"},{"taxonomy":"post_tag","embeddable":true,"href":"https:\/\/blogs.sld.cu\/behique\/wp-json\/wp\/v2\/tags?post=646"}],"curies":[{"name":"wp","href":"https:\/\/api.w.org\/{rel}","templated":true}]}}