{"id":658,"date":"2010-09-23T15:57:55","date_gmt":"2010-09-23T19:57:55","guid":{"rendered":"http:\/\/blogviejo.sld.cu\/avisosciclon\/?p=658"},"modified":"2010-09-23T15:57:55","modified_gmt":"2010-09-23T19:57:55","slug":"huracan-julia-aviso-no-5","status":"publish","type":"post","link":"https:\/\/blogs.sld.cu\/behique\/2010\/09\/23\/huracan-julia-aviso-no-5\/","title":{"rendered":"Hurac\u00e1n Julia Aviso No. 5"},"content":{"rendered":"<p>Aviso de Cicl\u00f3n Tropical.<br \/>\nCentro de Pron\u00f3sticos, INSMET.<br \/>\nFecha: 14 de Septiembre de 2010 Hora: 6:00 AM.<\/p>\n<p>AVISO DE CICLON TROPICAL No 5.<\/p>\n<p>HURAC\u00c1N JULIA.<\/p>\n<p>&#8230;Julia se convierte en hurac\u00e1n&#8230;<\/p>\n<p>Durante la noche y madrugada, la tormenta tropical Julia continu\u00f3 ganando en organizaci\u00f3n e intensidad sobre aguas del Atl\u00e1ntico lejano y a las seis de la ma\u00f1ana de hoy martes ten\u00eda vientos m\u00e1ximos sostenidos de 120 kil\u00f3metros por hora, con rachas superiores y una presi\u00f3n m\u00ednima central de 987 hectoPascal, por lo que ahora es un hurac\u00e1n categor\u00eda uno en la escala Saffir Simpson.<\/p>\n<p>A esa hora el centro de Julia se estim\u00f3 en los 16.2 grados latitud Norte y 29.2 grados de longitud Oeste, a unos 670 kil\u00f3metros al Oeste de las islas de Cabo Verde.<\/p>\n<p>Julia se desplaza con rumbo pr\u00f3ximo al Oeste noroeste a 19 kil\u00f3metros por hora.<\/p>\n<p>Se pronostica que en las pr\u00f3ximas 24 a 48 horas este organismo tropical gire su trayectoria al Noroeste con un incremento en su velocidad de traslaci\u00f3n, ganando en algo m\u00e1s en intensidad.<\/p>\n<p>El pr\u00f3ximo Aviso de Cicl\u00f3n Tropical se emitir\u00e1 a las seis de la tarde del martes.<\/p>\n<p>M. A. Hern\u00e1ndez\/ J. Palacios<\/p>\n","protected":false},"excerpt":{"rendered":"<p>Aviso de Cicl\u00f3n Tropical. Centro de Pron\u00f3sticos, INSMET. Fecha: 14 de Septiembre de 2010 Hora: 6:00 AM. AVISO DE CICLON TROPICAL No 5. HURAC\u00c1N JULIA. &#8230;Julia se convierte en hurac\u00e1n&#8230; Durante la noche y madrugada, la tormenta tropical Julia continu\u00f3 ganando en organizaci\u00f3n e intensidad sobre aguas del Atl\u00e1ntico lejano y a las seis de [&hellip;]<\/p>\n","protected":false},"author":169,"featured_media":0,"comment_status":"closed","ping_status":"open","sticky":false,"template":"","format":"standard","meta":[],"categories":[3,79,136,7],"tags":[],"_links":{"self":[{"href":"https:\/\/blogs.sld.cu\/behique\/wp-json\/wp\/v2\/posts\/658"}],"collection":[{"href":"https:\/\/blogs.sld.cu\/behique\/wp-json\/wp\/v2\/posts"}],"about":[{"href":"https:\/\/blogs.sld.cu\/behique\/wp-json\/wp\/v2\/types\/post"}],"author":[{"embeddable":true,"href":"https:\/\/blogs.sld.cu\/behique\/wp-json\/wp\/v2\/users\/169"}],"replies":[{"embeddable":true,"href":"https:\/\/blogs.sld.cu\/behique\/wp-json\/wp\/v2\/comments?post=658"}],"version-history":[{"count":0,"href":"https:\/\/blogs.sld.cu\/behique\/wp-json\/wp\/v2\/posts\/658\/revisions"}],"wp:attachment":[{"href":"https:\/\/blogs.sld.cu\/behique\/wp-json\/wp\/v2\/media?parent=658"}],"wp:term":[{"taxonomy":"category","embeddable":true,"href":"https:\/\/blogs.sld.cu\/behique\/wp-json\/wp\/v2\/categories?post=658"},{"taxonomy":"post_tag","embeddable":true,"href":"https:\/\/blogs.sld.cu\/behique\/wp-json\/wp\/v2\/tags?post=658"}],"curies":[{"name":"wp","href":"https:\/\/api.w.org\/{rel}","templated":true}]}}