{"id":669,"date":"2010-09-23T16:05:38","date_gmt":"2010-09-23T20:05:38","guid":{"rendered":"http:\/\/blogviejo.sld.cu\/avisosciclon\/?p=669"},"modified":"2010-09-23T16:05:38","modified_gmt":"2010-09-23T20:05:38","slug":"huracan-igor-aviso-no-11","status":"publish","type":"post","link":"https:\/\/blogs.sld.cu\/behique\/2010\/09\/23\/huracan-igor-aviso-no-11\/","title":{"rendered":"Hurac\u00e1n Igor Aviso No. 11"},"content":{"rendered":"<p>Aviso de Cicl\u00f3n Tropical.<br \/>\nCentro de Pron\u00f3sticos, INSMET.<br \/>\nFecha: 15 de Septiembre de 2010 Hora: 6:00 PM.<\/p>\n<p>AVISO DE CICLON TROPICAL No 11.<\/p>\n<p>HURACAN IGOR.<\/p>\n<p>&#8230;Igor contin\u00faa siendo un hurac\u00e1n de gran intensidad&#8230;<\/p>\n<p>Igor ha perdido algo en intensidad, ahora tiene vientos m\u00e1ximos sostenidos de 215 kil\u00f3metros por hora, con rachas superiores y una presi\u00f3n m\u00ednima central de 942 hectoPascal, por lo que contin\u00faa siendo un hurac\u00e1n categor\u00eda cuatro de la escala Saffir Simpson, de un m\u00e1ximo de cinco.<\/p>\n<p>A las seis de la tarde de hoy, su centro se estim\u00f3 en 20.2 grados de latitud Norte y 55.7<\/p>\n<p>grados de longitud Oeste, posici\u00f3n que lo sit\u00faa a 1625 kil\u00f3metros al Sudeste de Las Bermudas.<\/p>\n<p>Se desplaza al Oestenoroeste a 13 kil\u00f3metros por hora.<\/p>\n<p>Se pronostica que en las pr\u00f3ximas 12 a 24 horas, incline gradualmente su trayectoria al Noroeste, con fluctuaciones en su intensidad.<\/p>\n<p>El pr\u00f3ximo aviso de este cicl\u00f3n tropical se emitir\u00e1 a las seis de la tarde del jueves.<\/p>\n<p>J. Gonz\u00e1lez\u00a0\u00a0\u00a0 G. Acosta.<\/p>\n","protected":false},"excerpt":{"rendered":"<p>Aviso de Cicl\u00f3n Tropical. Centro de Pron\u00f3sticos, INSMET. Fecha: 15 de Septiembre de 2010 Hora: 6:00 PM. AVISO DE CICLON TROPICAL No 11. HURACAN IGOR. &#8230;Igor contin\u00faa siendo un hurac\u00e1n de gran intensidad&#8230; Igor ha perdido algo en intensidad, ahora tiene vientos m\u00e1ximos sostenidos de 215 kil\u00f3metros por hora, con rachas superiores y una presi\u00f3n [&hellip;]<\/p>\n","protected":false},"author":169,"featured_media":0,"comment_status":"closed","ping_status":"open","sticky":false,"template":"","format":"standard","meta":[],"categories":[74,133,7],"tags":[],"_links":{"self":[{"href":"https:\/\/blogs.sld.cu\/behique\/wp-json\/wp\/v2\/posts\/669"}],"collection":[{"href":"https:\/\/blogs.sld.cu\/behique\/wp-json\/wp\/v2\/posts"}],"about":[{"href":"https:\/\/blogs.sld.cu\/behique\/wp-json\/wp\/v2\/types\/post"}],"author":[{"embeddable":true,"href":"https:\/\/blogs.sld.cu\/behique\/wp-json\/wp\/v2\/users\/169"}],"replies":[{"embeddable":true,"href":"https:\/\/blogs.sld.cu\/behique\/wp-json\/wp\/v2\/comments?post=669"}],"version-history":[{"count":0,"href":"https:\/\/blogs.sld.cu\/behique\/wp-json\/wp\/v2\/posts\/669\/revisions"}],"wp:attachment":[{"href":"https:\/\/blogs.sld.cu\/behique\/wp-json\/wp\/v2\/media?parent=669"}],"wp:term":[{"taxonomy":"category","embeddable":true,"href":"https:\/\/blogs.sld.cu\/behique\/wp-json\/wp\/v2\/categories?post=669"},{"taxonomy":"post_tag","embeddable":true,"href":"https:\/\/blogs.sld.cu\/behique\/wp-json\/wp\/v2\/tags?post=669"}],"curies":[{"name":"wp","href":"https:\/\/api.w.org\/{rel}","templated":true}]}}