{"id":673,"date":"2010-09-23T16:09:14","date_gmt":"2010-09-23T20:09:14","guid":{"rendered":"http:\/\/blogviejo.sld.cu\/avisosciclon\/?p=673"},"modified":"2010-09-23T16:09:14","modified_gmt":"2010-09-23T20:09:14","slug":"huracan-igor-aviso-no-12","status":"publish","type":"post","link":"https:\/\/blogs.sld.cu\/behique\/2010\/09\/23\/huracan-igor-aviso-no-12\/","title":{"rendered":"Hurac\u00e1n Igor Aviso No. 12"},"content":{"rendered":"<p>Aviso de Cicl\u00f3n Tropical.<br \/>\nCentro de Pron\u00f3sticos, INSMET.<br \/>\nFecha: 16 de Septiembre de 2010 Hora: 6:00 AM.<\/p>\n<p>AVISO DE CICLON TROPICAL No 12.<\/p>\n<p>HURACAN IGOR.<\/p>\n<p>&#8230;Igor se intensifica nuevamente y contin\u00faa siendo un intenso hurac\u00e1n&#8230;<\/p>\n<p>El Hurac\u00e1n Igor durante la noche y madrugada se intensific\u00f3 nuevamente y ahora tiene vientos m\u00e1ximos sostenidos de 230 kil\u00f3metros por hora, con rachas superiores y una presi\u00f3n m\u00ednima central de 929 hectoPascal, por lo que contin\u00faa siendo un hurac\u00e1n categor\u00eda cuatro de la escala Saffir Simpson, de un m\u00e1ximo de cinco.<\/p>\n<p>A las seis de la ma\u00f1ana su centro se estim\u00f3 en 20.5 grados de latitud Norte y 56.9<\/p>\n<p>grados de longitud Oeste, posici\u00f3n que lo sit\u00faa a 1525 kil\u00f3metros al Sursudeste de las Bermudas.<\/p>\n<p>Se desplaza al Oestenoroeste a 11 kil\u00f3metros por hora.<\/p>\n<p>Se pronostica que en las pr\u00f3ximas 12 a 24 horas, el hurac\u00e1n incline gradualmente su trayectoria al Noroeste, con fluctuaciones en su intensidad.<\/p>\n<p>El pr\u00f3ximo aviso de este cicl\u00f3n tropical se emitir\u00e1 a las seis de la tarde de hoy.<\/p>\n<p>A. Caymares\u00a0\u00a0\u00a0 G. Acosta<\/p>\n","protected":false},"excerpt":{"rendered":"<p>Aviso de Cicl\u00f3n Tropical. Centro de Pron\u00f3sticos, INSMET. Fecha: 16 de Septiembre de 2010 Hora: 6:00 AM. AVISO DE CICLON TROPICAL No 12. HURACAN IGOR. &#8230;Igor se intensifica nuevamente y contin\u00faa siendo un intenso hurac\u00e1n&#8230; El Hurac\u00e1n Igor durante la noche y madrugada se intensific\u00f3 nuevamente y ahora tiene vientos m\u00e1ximos sostenidos de 230 kil\u00f3metros [&hellip;]<\/p>\n","protected":false},"author":169,"featured_media":0,"comment_status":"closed","ping_status":"open","sticky":false,"template":"","format":"standard","meta":[],"categories":[74,133,7],"tags":[],"_links":{"self":[{"href":"https:\/\/blogs.sld.cu\/behique\/wp-json\/wp\/v2\/posts\/673"}],"collection":[{"href":"https:\/\/blogs.sld.cu\/behique\/wp-json\/wp\/v2\/posts"}],"about":[{"href":"https:\/\/blogs.sld.cu\/behique\/wp-json\/wp\/v2\/types\/post"}],"author":[{"embeddable":true,"href":"https:\/\/blogs.sld.cu\/behique\/wp-json\/wp\/v2\/users\/169"}],"replies":[{"embeddable":true,"href":"https:\/\/blogs.sld.cu\/behique\/wp-json\/wp\/v2\/comments?post=673"}],"version-history":[{"count":0,"href":"https:\/\/blogs.sld.cu\/behique\/wp-json\/wp\/v2\/posts\/673\/revisions"}],"wp:attachment":[{"href":"https:\/\/blogs.sld.cu\/behique\/wp-json\/wp\/v2\/media?parent=673"}],"wp:term":[{"taxonomy":"category","embeddable":true,"href":"https:\/\/blogs.sld.cu\/behique\/wp-json\/wp\/v2\/categories?post=673"},{"taxonomy":"post_tag","embeddable":true,"href":"https:\/\/blogs.sld.cu\/behique\/wp-json\/wp\/v2\/tags?post=673"}],"curies":[{"name":"wp","href":"https:\/\/api.w.org\/{rel}","templated":true}]}}