{"id":687,"date":"2010-09-23T16:19:05","date_gmt":"2010-09-23T20:19:05","guid":{"rendered":"http:\/\/blogviejo.sld.cu\/avisosciclon\/?p=687"},"modified":"2010-09-23T16:19:05","modified_gmt":"2010-09-23T20:19:05","slug":"huracan-igor-aviso-no-14","status":"publish","type":"post","link":"https:\/\/blogs.sld.cu\/behique\/2010\/09\/23\/huracan-igor-aviso-no-14\/","title":{"rendered":"Hurac\u00e1n Igor Aviso No. 14"},"content":{"rendered":"<p>Aviso de Cicl\u00f3n Tropical.<br \/>\nCentro de Pron\u00f3sticos, INSMET.<br \/>\nFecha: 17 de Septiembre de 2010 Hora: 6:00 AM.<\/p>\n<p>AVISO DE CICLON TROPICAL No 14.<\/p>\n<p>HURACAN IGOR.<\/p>\n<p>&#8230;Igor todav\u00eda es un hurac\u00e1n de gran intensidad&#8230;<\/p>\n<p>El Hurac\u00e1n Igor mantiene vientos m\u00e1ximos sostenidos de 205 kil\u00f3metros por hora, con rachas superiores y su presi\u00f3n m\u00ednima central ha descendido a 935 hectoPascal, por lo que es un hurac\u00e1n categor\u00eda tres en la escala Saffir Simpson, de un m\u00e1ximo de cinco.<\/p>\n<p>A las seis de la ma\u00f1ana, su centro se estim\u00f3 en 22.5 grados de latitud Norte y 59.6<\/p>\n<p>grados de longitud Oeste, posici\u00f3n que lo sit\u00faa a 1200 kil\u00f3metros al Sursudeste de Bermudas.<\/p>\n<p>Igor se desplaza al Noroeste a 15 kil\u00f3metros por hora.<\/p>\n<p>Se pronostica que en las pr\u00f3ximas 24 a 48 horas, este poderoso hurac\u00e1n mantenga igual rumbo incrementando su velocidad de traslaci\u00f3n con fluctuaciones en su intensidad.<\/p>\n<p>El pr\u00f3ximo aviso de este cicl\u00f3n tropical se emitir\u00e1 a las seis de la tarde de hoy.<\/p>\n<p>J. Gonz\u00e1lez\u00a0\u00a0\u00a0 A. Espinosa.<\/p>\n","protected":false},"excerpt":{"rendered":"<p>Aviso de Cicl\u00f3n Tropical. Centro de Pron\u00f3sticos, INSMET. Fecha: 17 de Septiembre de 2010 Hora: 6:00 AM. AVISO DE CICLON TROPICAL No 14. HURACAN IGOR. &#8230;Igor todav\u00eda es un hurac\u00e1n de gran intensidad&#8230; El Hurac\u00e1n Igor mantiene vientos m\u00e1ximos sostenidos de 205 kil\u00f3metros por hora, con rachas superiores y su presi\u00f3n m\u00ednima central ha descendido [&hellip;]<\/p>\n","protected":false},"author":169,"featured_media":0,"comment_status":"closed","ping_status":"open","sticky":false,"template":"","format":"standard","meta":[],"categories":[74,133,7],"tags":[],"_links":{"self":[{"href":"https:\/\/blogs.sld.cu\/behique\/wp-json\/wp\/v2\/posts\/687"}],"collection":[{"href":"https:\/\/blogs.sld.cu\/behique\/wp-json\/wp\/v2\/posts"}],"about":[{"href":"https:\/\/blogs.sld.cu\/behique\/wp-json\/wp\/v2\/types\/post"}],"author":[{"embeddable":true,"href":"https:\/\/blogs.sld.cu\/behique\/wp-json\/wp\/v2\/users\/169"}],"replies":[{"embeddable":true,"href":"https:\/\/blogs.sld.cu\/behique\/wp-json\/wp\/v2\/comments?post=687"}],"version-history":[{"count":0,"href":"https:\/\/blogs.sld.cu\/behique\/wp-json\/wp\/v2\/posts\/687\/revisions"}],"wp:attachment":[{"href":"https:\/\/blogs.sld.cu\/behique\/wp-json\/wp\/v2\/media?parent=687"}],"wp:term":[{"taxonomy":"category","embeddable":true,"href":"https:\/\/blogs.sld.cu\/behique\/wp-json\/wp\/v2\/categories?post=687"},{"taxonomy":"post_tag","embeddable":true,"href":"https:\/\/blogs.sld.cu\/behique\/wp-json\/wp\/v2\/tags?post=687"}],"curies":[{"name":"wp","href":"https:\/\/api.w.org\/{rel}","templated":true}]}}