{"id":714,"date":"2010-09-23T16:44:34","date_gmt":"2010-09-23T20:44:34","guid":{"rendered":"http:\/\/blogviejo.sld.cu\/avisosciclon\/?p=714"},"modified":"2010-09-23T16:44:34","modified_gmt":"2010-09-23T20:44:34","slug":"depresion-tropical-no-14-aviso-no-1","status":"publish","type":"post","link":"https:\/\/blogs.sld.cu\/behique\/2010\/09\/23\/depresion-tropical-no-14-aviso-no-1\/","title":{"rendered":"Depresi\u00f3n tropical No. 14 Aviso No. 1"},"content":{"rendered":"<p>Aviso de Cicl\u00f3n Tropical.<br \/>\nCentro de Pron\u00f3sticos, INSMET.<br \/>\nFecha: 20 de Septiembre de 2010 Hora: 11:00 PM.<\/p>\n<p>AVISO DE CICLON TROPICAL No 1.<\/p>\n<p>DEPRESION TROPICAL 14.<\/p>\n<p>&#8230;Se forma la depresi\u00f3n tropical n\u00famero 14&#8230;<\/p>\n<p>El \u00e1rea de bajas presiones que se localizaba al Oeste de las islas de Cabo Verde durante la noche de hoy ha ganado en organizaci\u00f3n e intensidad llegando a depresi\u00f3n tropical, la n\u00famero catorce de la actual temporada cicl\u00f3nica.<\/p>\n<p>A las once de la noche de hoy, su regi\u00f3n central se localiz\u00f3 en 17.1 grados de latitud Norte y 31.9 grados de longitud Oeste, posici\u00f3n que lo sit\u00faa a 850 kil\u00f3metros al Oeste de las islas de Cabo Verde.<\/p>\n<p>Tiene vientos m\u00e1ximos sostenidos de 55 kil\u00f3metros por hora, con rachas superiores y su presi\u00f3n m\u00ednima central es de 1006 hectoPascal. Se desplaza al Norte a 9\u00a0 kil\u00f3metros por hora.<\/p>\n<p>Se pronostica que en las pr\u00f3ximas 12 a 24 horas, mantenga igual rumbo y ganando algo m\u00e1s en organizaci\u00f3n e intensidad.<\/p>\n<p>El pr\u00f3ximo aviso de este cicl\u00f3n tropical se emitir\u00e1 a las seis de la tarde de ma\u00f1ana martes.<\/p>\n<p>J. Gonz\u00e1lez\/A. Espinosa.<\/p>\n","protected":false},"excerpt":{"rendered":"<p>Aviso de Cicl\u00f3n Tropical. Centro de Pron\u00f3sticos, INSMET. Fecha: 20 de Septiembre de 2010 Hora: 11:00 PM. AVISO DE CICLON TROPICAL No 1. DEPRESION TROPICAL 14. &#8230;Se forma la depresi\u00f3n tropical n\u00famero 14&#8230; El \u00e1rea de bajas presiones que se localizaba al Oeste de las islas de Cabo Verde durante la noche de hoy ha [&hellip;]<\/p>\n","protected":false},"author":169,"featured_media":0,"comment_status":"closed","ping_status":"open","sticky":false,"template":"","format":"standard","meta":[],"categories":[84,143,7],"tags":[],"_links":{"self":[{"href":"https:\/\/blogs.sld.cu\/behique\/wp-json\/wp\/v2\/posts\/714"}],"collection":[{"href":"https:\/\/blogs.sld.cu\/behique\/wp-json\/wp\/v2\/posts"}],"about":[{"href":"https:\/\/blogs.sld.cu\/behique\/wp-json\/wp\/v2\/types\/post"}],"author":[{"embeddable":true,"href":"https:\/\/blogs.sld.cu\/behique\/wp-json\/wp\/v2\/users\/169"}],"replies":[{"embeddable":true,"href":"https:\/\/blogs.sld.cu\/behique\/wp-json\/wp\/v2\/comments?post=714"}],"version-history":[{"count":0,"href":"https:\/\/blogs.sld.cu\/behique\/wp-json\/wp\/v2\/posts\/714\/revisions"}],"wp:attachment":[{"href":"https:\/\/blogs.sld.cu\/behique\/wp-json\/wp\/v2\/media?parent=714"}],"wp:term":[{"taxonomy":"category","embeddable":true,"href":"https:\/\/blogs.sld.cu\/behique\/wp-json\/wp\/v2\/categories?post=714"},{"taxonomy":"post_tag","embeddable":true,"href":"https:\/\/blogs.sld.cu\/behique\/wp-json\/wp\/v2\/tags?post=714"}],"curies":[{"name":"wp","href":"https:\/\/api.w.org\/{rel}","templated":true}]}}