{"id":719,"date":"2010-09-23T16:47:46","date_gmt":"2010-09-23T20:47:46","guid":{"rendered":"http:\/\/blogviejo.sld.cu\/avisosciclon\/?p=719"},"modified":"2010-09-23T16:47:46","modified_gmt":"2010-09-23T20:47:46","slug":"tormenta-tropical-lisa-aviso-no-3","status":"publish","type":"post","link":"https:\/\/blogs.sld.cu\/behique\/2010\/09\/23\/tormenta-tropical-lisa-aviso-no-3\/","title":{"rendered":"Tormenta tropical Lisa Aviso No. 3"},"content":{"rendered":"<p>Aviso de Cicl\u00f3n Tropical.<br \/>\nCentro de Pron\u00f3sticos, INSMET.<br \/>\nFecha: 21 de Septiembre de 2010 Hora: 6:00 PM.<\/p>\n<p>AVISO DE CICLON TROPICAL No 3.<\/p>\n<p>TORMENTA TROPICAL LISA.<\/p>\n<p>&#8230;Lisa con poco cambio sobre el Atl\u00e1ntico&#8230;<\/p>\n<p>A las seis de la tarde de hoy la regi\u00f3n central de la tormenta tropical Lisa se estim\u00f3 en los 18.3 grados de latitud Norte y 31.6 grados de longitud Oeste, posici\u00f3n que la sit\u00faa a aproximadamente 845 kil\u00f3metros al Oeste noroeste de las islas de Cabo Verde.<\/p>\n<p>Lisa posee vientos m\u00e1ximos sostenidos de 75 kil\u00f3metros por hora, con rachas superiores y su presi\u00f3n m\u00ednima es de 1002 hectoPascal. Se desplaza al Norte a cuatro kil\u00f3metros por hora.<\/p>\n<p>Se pronostica que en las pr\u00f3ximas 24 a 48 horas, mantenga igual rumbo con un giro al Oeste noroeste al final del mi\u00e9rcoles y pudiera ganar algo m\u00e1s en organizaci\u00f3n e intensidad.<\/p>\n<p>El pr\u00f3ximo aviso de este cicl\u00f3n tropical se emitir\u00e1 a las seis de la tarde del mi\u00e9rcoles.<\/p>\n<p>A. S\u00e1nchez \u00a0\u00a0\u00a0 Y. Mart\u00ednez.<\/p>\n","protected":false},"excerpt":{"rendered":"<p>Aviso de Cicl\u00f3n Tropical. Centro de Pron\u00f3sticos, INSMET. Fecha: 21 de Septiembre de 2010 Hora: 6:00 PM. AVISO DE CICLON TROPICAL No 3. TORMENTA TROPICAL LISA. &#8230;Lisa con poco cambio sobre el Atl\u00e1ntico&#8230; A las seis de la tarde de hoy la regi\u00f3n central de la tormenta tropical Lisa se estim\u00f3 en los 18.3 grados [&hellip;]<\/p>\n","protected":false},"author":169,"featured_media":0,"comment_status":"closed","ping_status":"open","sticky":false,"template":"","format":"standard","meta":[],"categories":[84,143,7],"tags":[],"_links":{"self":[{"href":"https:\/\/blogs.sld.cu\/behique\/wp-json\/wp\/v2\/posts\/719"}],"collection":[{"href":"https:\/\/blogs.sld.cu\/behique\/wp-json\/wp\/v2\/posts"}],"about":[{"href":"https:\/\/blogs.sld.cu\/behique\/wp-json\/wp\/v2\/types\/post"}],"author":[{"embeddable":true,"href":"https:\/\/blogs.sld.cu\/behique\/wp-json\/wp\/v2\/users\/169"}],"replies":[{"embeddable":true,"href":"https:\/\/blogs.sld.cu\/behique\/wp-json\/wp\/v2\/comments?post=719"}],"version-history":[{"count":0,"href":"https:\/\/blogs.sld.cu\/behique\/wp-json\/wp\/v2\/posts\/719\/revisions"}],"wp:attachment":[{"href":"https:\/\/blogs.sld.cu\/behique\/wp-json\/wp\/v2\/media?parent=719"}],"wp:term":[{"taxonomy":"category","embeddable":true,"href":"https:\/\/blogs.sld.cu\/behique\/wp-json\/wp\/v2\/categories?post=719"},{"taxonomy":"post_tag","embeddable":true,"href":"https:\/\/blogs.sld.cu\/behique\/wp-json\/wp\/v2\/tags?post=719"}],"curies":[{"name":"wp","href":"https:\/\/api.w.org\/{rel}","templated":true}]}}