{"id":723,"date":"2010-09-23T16:50:14","date_gmt":"2010-09-23T20:50:14","guid":{"rendered":"http:\/\/blogviejo.sld.cu\/avisosciclon\/?p=723"},"modified":"2010-09-23T16:50:14","modified_gmt":"2010-09-23T20:50:14","slug":"depresion-tropical-no-15-aviso-no-1-2","status":"publish","type":"post","link":"https:\/\/blogs.sld.cu\/behique\/2010\/09\/23\/depresion-tropical-no-15-aviso-no-1-2\/","title":{"rendered":"Depresi\u00f3n tropical No. 15 Aviso No. 1"},"content":{"rendered":"<p>Aviso de Cicl\u00f3n Tropical.<br \/>\nCentro de Pron\u00f3sticos, INSMET.<br \/>\nFecha: 23 de Septiembre de 2010 Hora: 2: 00 PM.<\/p>\n<p>AVISO DE CICLON TROPICAL No 1.<\/p>\n<p>DEPRESI\u00d3N TROPICAL No. 15.<\/p>\n<p>&#8230;Se forma la depresi\u00f3n tropical quince&#8230;<\/p>\n<p>Durante la ma\u00f1ana de hoy, el \u00e1rea de bajas presiones que se encontraba en el Mar Caribe central continu\u00f3 ganando en organizaci\u00f3n e intensidad y se convirti\u00f3 en la depresi\u00f3n tropical n\u00famero quince de la actual temporada cicl\u00f3nica.<\/p>\n<p>A las dos de la tarde su regi\u00f3n central fue localizada en 13.9 grados latitud Norte y 76.2 grados de longitud Oeste, a unos 775 kil\u00f3metros al Este de Puerto Cabezas, Nicaragua.<\/p>\n<p>Esta depresi\u00f3n tropical tiene vientos m\u00e1ximos sostenidos de 55 kil\u00f3metros por hora, con rachas superiores. Su presi\u00f3n central es de 1007 hectoPascal y se desplaza con rumbo Oeste a raz\u00f3n de 24 kil\u00f3metros por hora.<\/p>\n<p>Se pronostica que en las pr\u00f3ximas 12 a 24 horas, este organismo tropical mantenga el mismo rumbo con igual velocidad de traslaci\u00f3n pudiendo ganar en organizaci\u00f3n e intensidad y convertirse en una tormenta tropical.<\/p>\n<p>El pr\u00f3ximo Aviso de Cicl\u00f3n Tropical se emitir\u00e1 a las seis de la tarde de hoy.<\/p>\n<p>J. Gonz\u00e1lez\u00a0\u00a0\u00a0 A. Espinosa<\/p>\n","protected":false},"excerpt":{"rendered":"<p>Aviso de Cicl\u00f3n Tropical. Centro de Pron\u00f3sticos, INSMET. Fecha: 23 de Septiembre de 2010 Hora: 2: 00 PM. AVISO DE CICLON TROPICAL No 1. DEPRESI\u00d3N TROPICAL No. 15. &#8230;Se forma la depresi\u00f3n tropical quince&#8230; Durante la ma\u00f1ana de hoy, el \u00e1rea de bajas presiones que se encontraba en el Mar Caribe central continu\u00f3 ganando en [&hellip;]<\/p>\n","protected":false},"author":169,"featured_media":0,"comment_status":"closed","ping_status":"open","sticky":false,"template":"","format":"standard","meta":[],"categories":[3],"tags":[],"_links":{"self":[{"href":"https:\/\/blogs.sld.cu\/behique\/wp-json\/wp\/v2\/posts\/723"}],"collection":[{"href":"https:\/\/blogs.sld.cu\/behique\/wp-json\/wp\/v2\/posts"}],"about":[{"href":"https:\/\/blogs.sld.cu\/behique\/wp-json\/wp\/v2\/types\/post"}],"author":[{"embeddable":true,"href":"https:\/\/blogs.sld.cu\/behique\/wp-json\/wp\/v2\/users\/169"}],"replies":[{"embeddable":true,"href":"https:\/\/blogs.sld.cu\/behique\/wp-json\/wp\/v2\/comments?post=723"}],"version-history":[{"count":0,"href":"https:\/\/blogs.sld.cu\/behique\/wp-json\/wp\/v2\/posts\/723\/revisions"}],"wp:attachment":[{"href":"https:\/\/blogs.sld.cu\/behique\/wp-json\/wp\/v2\/media?parent=723"}],"wp:term":[{"taxonomy":"category","embeddable":true,"href":"https:\/\/blogs.sld.cu\/behique\/wp-json\/wp\/v2\/categories?post=723"},{"taxonomy":"post_tag","embeddable":true,"href":"https:\/\/blogs.sld.cu\/behique\/wp-json\/wp\/v2\/tags?post=723"}],"curies":[{"name":"wp","href":"https:\/\/api.w.org\/{rel}","templated":true}]}}