{"id":745,"date":"2010-09-27T15:49:43","date_gmt":"2010-09-27T19:49:43","guid":{"rendered":"http:\/\/blogviejo.sld.cu\/avisosciclon\/?p=745"},"modified":"2010-09-27T15:49:43","modified_gmt":"2010-09-27T19:49:43","slug":"depresion-tropical-matthew-aviso-no-6","status":"publish","type":"post","link":"https:\/\/blogs.sld.cu\/behique\/2010\/09\/27\/depresion-tropical-matthew-aviso-no-6\/","title":{"rendered":"Depresi\u00f3n tropical Matthew Aviso No. 6"},"content":{"rendered":"<p>Aviso de Cicl\u00f3n Tropical.<br \/>\nCentro de Pron\u00f3sticos, INSMET.<br \/>\nFecha: 25 de Septiembre de 2010 Hora: 6: 00 PM.<\/p>\n<p>AVISO DE CICLON TROPICAL No 6.<\/p>\n<p>DEPRESI\u00d3N TROPICAL MATTHEW.<\/p>\n<p>&#8230; Matthew se debilita sobre Centroam\u00e9rica&#8230;<\/p>\n<p>La Tormenta Tropical Matthew se debilit\u00f3 sobre tierra y es ahora una depresi\u00f3n tropical con vientos m\u00e1ximos sostenidos de 55 kil\u00f3metros por hora y rachas superiores, su presi\u00f3n m\u00ednima central es de 1003 hPa.<\/p>\n<p>A las seis de la tarde de hoy su centro fue estimado en los 17.7 grados latitud Norte y 89.7 grados de longitud Oeste, posici\u00f3n que lo sit\u00faa a unos 170 kil\u00f3metros al Oeste suroeste de Chetumal, M\u00e9xico.<\/p>\n<p>Matthew se desplaza con rumbo pr\u00f3ximo al Noroeste a raz\u00f3n de 22 kil\u00f3metros por hora.<\/p>\n<p>En las pr\u00f3ximas 12 horas se pronostica que Matthew, se debilite a\u00fan m\u00e1s sobre tierra y permanezca casi estacionario sobre Centroam\u00e9rica, como una amplia zona de bajas presiones.<\/p>\n<p>El pr\u00f3ximo Aviso de Cicl\u00f3n Tropical se emitir\u00e1 a las seis de la ma\u00f1ana del domingo.<\/p>\n<p>A. S\u00e1nchez\u00a0 Y. Berm\u00fadez<\/p>\n","protected":false},"excerpt":{"rendered":"<p>Aviso de Cicl\u00f3n Tropical. Centro de Pron\u00f3sticos, INSMET. Fecha: 25 de Septiembre de 2010 Hora: 6: 00 PM. AVISO DE CICLON TROPICAL No 6. DEPRESI\u00d3N TROPICAL MATTHEW. &#8230; Matthew se debilita sobre Centroam\u00e9rica&#8230; La Tormenta Tropical Matthew se debilit\u00f3 sobre tierra y es ahora una depresi\u00f3n tropical con vientos m\u00e1ximos sostenidos de 55 kil\u00f3metros por [&hellip;]<\/p>\n","protected":false},"author":169,"featured_media":0,"comment_status":"closed","ping_status":"open","sticky":false,"template":"","format":"standard","meta":[],"categories":[86,147,7],"tags":[],"_links":{"self":[{"href":"https:\/\/blogs.sld.cu\/behique\/wp-json\/wp\/v2\/posts\/745"}],"collection":[{"href":"https:\/\/blogs.sld.cu\/behique\/wp-json\/wp\/v2\/posts"}],"about":[{"href":"https:\/\/blogs.sld.cu\/behique\/wp-json\/wp\/v2\/types\/post"}],"author":[{"embeddable":true,"href":"https:\/\/blogs.sld.cu\/behique\/wp-json\/wp\/v2\/users\/169"}],"replies":[{"embeddable":true,"href":"https:\/\/blogs.sld.cu\/behique\/wp-json\/wp\/v2\/comments?post=745"}],"version-history":[{"count":0,"href":"https:\/\/blogs.sld.cu\/behique\/wp-json\/wp\/v2\/posts\/745\/revisions"}],"wp:attachment":[{"href":"https:\/\/blogs.sld.cu\/behique\/wp-json\/wp\/v2\/media?parent=745"}],"wp:term":[{"taxonomy":"category","embeddable":true,"href":"https:\/\/blogs.sld.cu\/behique\/wp-json\/wp\/v2\/categories?post=745"},{"taxonomy":"post_tag","embeddable":true,"href":"https:\/\/blogs.sld.cu\/behique\/wp-json\/wp\/v2\/tags?post=745"}],"curies":[{"name":"wp","href":"https:\/\/api.w.org\/{rel}","templated":true}]}}