{"id":750,"date":"2010-09-27T15:53:50","date_gmt":"2010-09-27T19:53:50","guid":{"rendered":"http:\/\/blogviejo.sld.cu\/avisosciclon\/?p=750"},"modified":"2010-09-27T15:53:50","modified_gmt":"2010-09-27T19:53:50","slug":"depresion-tropical-lisa-aviso-no-9-ultimo","status":"publish","type":"post","link":"https:\/\/blogs.sld.cu\/behique\/2010\/09\/27\/depresion-tropical-lisa-aviso-no-9-ultimo\/","title":{"rendered":"Depresi\u00f3n tropical Lisa Aviso No. 9 (\u00faltimo)"},"content":{"rendered":"<p>Aviso de Cicl\u00f3n Tropical.<br \/>\nCentro de Pron\u00f3sticos, INSMET.<br \/>\nFecha: 26 de Septiembre de 2010 Hora: 6:00 PM.<\/p>\n<p>AVISO DE CICLON TROPICAL No. 9.<\/p>\n<p>DEPRESI\u00d3N TROPICAL LISA.<\/p>\n<p>&#8230;Lisa se disipa sobre aguas del Atl\u00e1ntico&#8230;<\/p>\n<p>Durante el d\u00eda de hoy la Tormenta Tropical Lisa continu\u00f3 debilit\u00e1ndose sobre aguas del Atl\u00e1ntico, convirti\u00e9ndose en una Depresi\u00f3n Tropical durante la ma\u00f1ana y en una zona de bajas presiones remanente al final de la tarde.<\/p>\n<p>Este ser\u00e1 el \u00faltimo aviso de cicl\u00f3n tropical que se emita sobre este organismo tropical.<\/p>\n<p>A. Caymares \u00a0\u00a0\u00a0 Y. Cede\u00f1o<\/p>\n","protected":false},"excerpt":{"rendered":"<p>Aviso de Cicl\u00f3n Tropical. Centro de Pron\u00f3sticos, INSMET. Fecha: 26 de Septiembre de 2010 Hora: 6:00 PM. AVISO DE CICLON TROPICAL No. 9. DEPRESI\u00d3N TROPICAL LISA. &#8230;Lisa se disipa sobre aguas del Atl\u00e1ntico&#8230; Durante el d\u00eda de hoy la Tormenta Tropical Lisa continu\u00f3 debilit\u00e1ndose sobre aguas del Atl\u00e1ntico, convirti\u00e9ndose en una Depresi\u00f3n Tropical durante la [&hellip;]<\/p>\n","protected":false},"author":169,"featured_media":0,"comment_status":"closed","ping_status":"open","sticky":false,"template":"","format":"standard","meta":[],"categories":[84,143,7],"tags":[],"_links":{"self":[{"href":"https:\/\/blogs.sld.cu\/behique\/wp-json\/wp\/v2\/posts\/750"}],"collection":[{"href":"https:\/\/blogs.sld.cu\/behique\/wp-json\/wp\/v2\/posts"}],"about":[{"href":"https:\/\/blogs.sld.cu\/behique\/wp-json\/wp\/v2\/types\/post"}],"author":[{"embeddable":true,"href":"https:\/\/blogs.sld.cu\/behique\/wp-json\/wp\/v2\/users\/169"}],"replies":[{"embeddable":true,"href":"https:\/\/blogs.sld.cu\/behique\/wp-json\/wp\/v2\/comments?post=750"}],"version-history":[{"count":0,"href":"https:\/\/blogs.sld.cu\/behique\/wp-json\/wp\/v2\/posts\/750\/revisions"}],"wp:attachment":[{"href":"https:\/\/blogs.sld.cu\/behique\/wp-json\/wp\/v2\/media?parent=750"}],"wp:term":[{"taxonomy":"category","embeddable":true,"href":"https:\/\/blogs.sld.cu\/behique\/wp-json\/wp\/v2\/categories?post=750"},{"taxonomy":"post_tag","embeddable":true,"href":"https:\/\/blogs.sld.cu\/behique\/wp-json\/wp\/v2\/tags?post=750"}],"curies":[{"name":"wp","href":"https:\/\/api.w.org\/{rel}","templated":true}]}}