{"id":754,"date":"2010-09-29T00:24:36","date_gmt":"2010-09-29T04:24:36","guid":{"rendered":"http:\/\/blogviejo.sld.cu\/avisosciclon\/?p=754"},"modified":"2010-09-29T00:24:36","modified_gmt":"2010-09-29T04:24:36","slug":"depresion-tropical-no-16","status":"publish","type":"post","link":"https:\/\/blogs.sld.cu\/behique\/2010\/09\/29\/depresion-tropical-no-16\/","title":{"rendered":"Depresi\u00f3n tropical No. 16 Aviso No. 1"},"content":{"rendered":"<p>Centro de Pron\u00f3sticos INSMET<br \/>\nSeptiembre 28 de 2010\u00a0 Hora: 11:00 AM<br \/>\nAVISO DE CICL\u00d3N TROPICAL NO. 1<br \/>\nDEPRESI\u00d3N TROPICAL No. 16<\/p>\n<p>&#8230; SE FORMA DEPRESI\u00d3N TROPICAL AL SUR DE CUBA\u2026<\/p>\n<p>La amplia \u00e1rea de bajas presiones del Mar Caribe occidental continu\u00f3 organiz\u00e1ndose y ahora es la Depresi\u00f3n Tropical No. 16 de la actual temporada cicl\u00f3nica. Se espera que la tendencia al desarrollo contin\u00fae y que esta noche sea ya la Tormenta Tropical \u00a8Nicole\u00a8. El elemento m\u00e1s importante de este sistema es la lluvia fuerte e intensa que afectar\u00e1 fundamentalmente desde esta noche y ma\u00f1ana mi\u00e9rcoles a las provincias desde Matanzas hasta Las Tunas y Granma, aunque tambi\u00e9n puede haber lluvias en otras zonas del Pa\u00eds.<\/p>\n<p>La nueva Depresi\u00f3n Tropical tiene su regi\u00f3n central estimada a las once de la ma\u00f1ana en los 20.6 grados de latitud norte y los 82.5 grados de longitud oeste, a unos 110 kil\u00f3metros al sur de Punta del Este, Isla de la Juventud, y a unos, 235 kil\u00f3metros al suroeste de Playa Gir\u00f3n, Matanzas. Se mueve al nortenordeste a unos 17 kil\u00f3metros por hora. Los vientos m\u00e1ximos sostenidos son del orden de los 55 kil\u00f3metros por hora y la presi\u00f3n m\u00ednima es de 1001 hectoPascal. Se pronostica que continuar\u00e1 con igual rumbo y similar velocidad de traslaci\u00f3n durante las pr\u00f3ximas 24 horas.<\/p>\n<p>El centro de la entonces ya Tormenta Tropical \u00a8Nicole\u00a8 cruzar\u00e1 por territorio cubano durante esta noche y la madrugada de ma\u00f1ana mi\u00e9rcoles, por las inmediaciones de la provincia de Matanzas. Hay que destacar, que en los sistemas d\u00e9biles, como esta Tormenta Tropical, el cruce del centro s\u00f3lo tiene una importancia secundaria, siendo el elemento fundamental de peligro las lluvias m\u00e1s fuertes e intensas localizadas a la derecha de la trayectoria, desde Matanzas hasta Las Tunas y Granma.<\/p>\n<p>Los vientos de Tormenta Tropical, del orden de 80 kil\u00f3metros por hora con rachas de 100 kil\u00f3metros por hora, pueden afectar a las provincias desde Matanzas hasta Ciego de \u00c1vila. En las zonas de lluvias habr\u00e1 tormentas el\u00e9ctricas en las cuales puede haber vientos locales m\u00e1s fuertes. Se producir\u00e1n marejadas fuertes en la costa sur desde Matanzas hasta Granma, y pueden ocurrir inundaciones costeras ligeras a moderadas en las costas m\u00e1s bajas de este litoral.<\/p>\n<p>Se recomienda seguir con atenci\u00f3n esta situaci\u00f3n meteorol\u00f3gica, principalmente por las lluvias persistentes y fuertes con acumulados que pueden ser de importancia.<\/p>\n<p>Un nuevo Aviso de Cicl\u00f3n Tropical se emitir\u00e1 esta tarde a las seis.<\/p>\n<p>J.Rubiera, M.A. Hernandez, M. T. Llanes, J.Palacios, G. Estevez.<\/p>\n","protected":false},"excerpt":{"rendered":"<p>Centro de Pron\u00f3sticos INSMET Septiembre 28 de 2010\u00a0 Hora: 11:00 AM AVISO DE CICL\u00d3N TROPICAL NO. 1 DEPRESI\u00d3N TROPICAL No. 16 &#8230; SE FORMA DEPRESI\u00d3N TROPICAL AL SUR DE CUBA\u2026 La amplia \u00e1rea de bajas presiones del Mar Caribe occidental continu\u00f3 organiz\u00e1ndose y ahora es la Depresi\u00f3n Tropical No. 16 de la actual temporada cicl\u00f3nica. [&hellip;]<\/p>\n","protected":false},"author":169,"featured_media":0,"comment_status":"closed","ping_status":"open","sticky":false,"template":"","format":"standard","meta":[],"categories":[46,151,7],"tags":[],"_links":{"self":[{"href":"https:\/\/blogs.sld.cu\/behique\/wp-json\/wp\/v2\/posts\/754"}],"collection":[{"href":"https:\/\/blogs.sld.cu\/behique\/wp-json\/wp\/v2\/posts"}],"about":[{"href":"https:\/\/blogs.sld.cu\/behique\/wp-json\/wp\/v2\/types\/post"}],"author":[{"embeddable":true,"href":"https:\/\/blogs.sld.cu\/behique\/wp-json\/wp\/v2\/users\/169"}],"replies":[{"embeddable":true,"href":"https:\/\/blogs.sld.cu\/behique\/wp-json\/wp\/v2\/comments?post=754"}],"version-history":[{"count":0,"href":"https:\/\/blogs.sld.cu\/behique\/wp-json\/wp\/v2\/posts\/754\/revisions"}],"wp:attachment":[{"href":"https:\/\/blogs.sld.cu\/behique\/wp-json\/wp\/v2\/media?parent=754"}],"wp:term":[{"taxonomy":"category","embeddable":true,"href":"https:\/\/blogs.sld.cu\/behique\/wp-json\/wp\/v2\/categories?post=754"},{"taxonomy":"post_tag","embeddable":true,"href":"https:\/\/blogs.sld.cu\/behique\/wp-json\/wp\/v2\/tags?post=754"}],"curies":[{"name":"wp","href":"https:\/\/api.w.org\/{rel}","templated":true}]}}