{"id":764,"date":"2010-09-29T23:38:42","date_gmt":"2010-09-30T03:38:42","guid":{"rendered":"http:\/\/blogviejo.sld.cu\/avisosciclon\/?p=764"},"modified":"2010-09-29T23:38:42","modified_gmt":"2010-09-30T03:38:42","slug":"depresion-tropical-no-16-aviso-no-6","status":"publish","type":"post","link":"https:\/\/blogs.sld.cu\/behique\/2010\/09\/29\/depresion-tropical-no-16-aviso-no-6\/","title":{"rendered":"Depresi\u00f3n tropical No. 16 Aviso No. 6"},"content":{"rendered":"<p>Aviso de Cicl\u00f3n Tropical.<br \/>\nCentro de Pron\u00f3sticos, INSMET.<br \/>\nFecha: 29 de Septiembre de 2010 Hora: 6: 00 PM.<\/p>\n<p>AVISO DE CICLON TROPICAL No 6.<\/p>\n<p>&#8230;persiste la influencia del \u00e1rea de bajas presiones sobre Cuba&#8230;<\/p>\n<p>La amplia zona de bajas presiones contin\u00faa influyendo sobre Cuba, con lluvias fuertes y localmente intensas que se mantienen afectando las regiones, central y oriental. Los acumulados de mayor inter\u00e9s ocurridos entre las 8 de la ma\u00f1ana y la 2 de la tarde se reportan en las estaciones: Topes de Collantes, Sancti Sp\u00edritus: 91 mm; J\u00facaro, Ciego de \u00c1vila: 63 mm; Ciego de \u00c1vila: 56 mm; Sancti Sp\u00edritus: 47 mm y Falla, Ciego de \u00c1vila: 41 mm.<\/p>\n<p>Debido a la extensa circulaci\u00f3n de esta zona de bajas presiones en combinaci\u00f3n con el sistema de altas presiones del Atl\u00e1ntico, adem\u00e1s de la presencia de \u00e1reas con tormentas el\u00e9ctricas se han registrado vientos algo fuertes de regi\u00f3n Sur en algunas localidades durante la tarde como en: J\u00facaro, Ciego de \u00c1vila con vientos sostenidos entre 50 y 60 kil\u00f3metros por hora y en Cabo Cruz, Granma con vientos sostenidos de 70 kil\u00f3metros por hora y una racha m\u00e1xima de 101 kil\u00f3metros por hora a las 4:23 de la tarde. Asociado a esta situaci\u00f3n tambi\u00e9n se han reportado inundaciones costeras en zonas bajas del litoral sur debido al avance del mar como ocurri\u00f3 en: J\u00facaro, Ciego de \u00c1vila donde el mar lleg\u00f3 hasta 200 metros tierra adentro y en Guayabal, Las Tunas donde lo hizo 120 metros.<\/p>\n<p>Se recomienda seguir con atenci\u00f3n los pron\u00f3sticos del tiempo lo que resta del d\u00eda de hoy y ma\u00f1ana, debido a la persistencia de las lluvias fuertes con acumulados que pueden ser significativos en el centro y el oriente del pa\u00eds. En las zonas de lluvias puede haber tormentas el\u00e9ctricas en las cuales los vientos locales pueden ser algo fuertes. Las marejadas en la costa sur disminuir\u00e1n gradualmente ma\u00f1ana jueves.<\/p>\n<p>Este ser\u00e1 el \u00faltimo Aviso de Cicl\u00f3n Tropical que se emita sobre este sistema, cualquier informaci\u00f3n de inter\u00e9s ser\u00e1 dada en avisos especiales o notas informativas si las condiciones lo requieren.<\/p>\n<p>J. Rubiera\/A. S\u00e1nchez\/Y. Berm\u00fadez\/Y. Mart\u00ednez<\/p>\n","protected":false},"excerpt":{"rendered":"<p>Aviso de Cicl\u00f3n Tropical. Centro de Pron\u00f3sticos, INSMET. Fecha: 29 de Septiembre de 2010 Hora: 6: 00 PM. AVISO DE CICLON TROPICAL No 6. &#8230;persiste la influencia del \u00e1rea de bajas presiones sobre Cuba&#8230; La amplia zona de bajas presiones contin\u00faa influyendo sobre Cuba, con lluvias fuertes y localmente intensas que se mantienen afectando las [&hellip;]<\/p>\n","protected":false},"author":169,"featured_media":0,"comment_status":"closed","ping_status":"open","sticky":false,"template":"","format":"standard","meta":[],"categories":[46,151,7],"tags":[],"_links":{"self":[{"href":"https:\/\/blogs.sld.cu\/behique\/wp-json\/wp\/v2\/posts\/764"}],"collection":[{"href":"https:\/\/blogs.sld.cu\/behique\/wp-json\/wp\/v2\/posts"}],"about":[{"href":"https:\/\/blogs.sld.cu\/behique\/wp-json\/wp\/v2\/types\/post"}],"author":[{"embeddable":true,"href":"https:\/\/blogs.sld.cu\/behique\/wp-json\/wp\/v2\/users\/169"}],"replies":[{"embeddable":true,"href":"https:\/\/blogs.sld.cu\/behique\/wp-json\/wp\/v2\/comments?post=764"}],"version-history":[{"count":0,"href":"https:\/\/blogs.sld.cu\/behique\/wp-json\/wp\/v2\/posts\/764\/revisions"}],"wp:attachment":[{"href":"https:\/\/blogs.sld.cu\/behique\/wp-json\/wp\/v2\/media?parent=764"}],"wp:term":[{"taxonomy":"category","embeddable":true,"href":"https:\/\/blogs.sld.cu\/behique\/wp-json\/wp\/v2\/categories?post=764"},{"taxonomy":"post_tag","embeddable":true,"href":"https:\/\/blogs.sld.cu\/behique\/wp-json\/wp\/v2\/tags?post=764"}],"curies":[{"name":"wp","href":"https:\/\/api.w.org\/{rel}","templated":true}]}}