{"id":78,"date":"2008-08-27T01:06:58","date_gmt":"2008-08-27T05:06:58","guid":{"rendered":"http:\/\/blogviejo.sld.cu\/avisosciclon\/2008\/08\/27\/tormenta-tropical-gustav-aviso-no-9\/"},"modified":"2008-08-27T01:06:58","modified_gmt":"2008-08-27T05:06:58","slug":"tormenta-tropical-gustav-aviso-no-9","status":"publish","type":"post","link":"https:\/\/blogs.sld.cu\/behique\/2008\/08\/27\/tormenta-tropical-gustav-aviso-no-9\/","title":{"rendered":"Tormenta tropical Gustav Aviso No. 9"},"content":{"rendered":"<p>Aviso de Cicl\u00f3n Tropical.<br \/>\nCentro de Pron\u00f3sticos, INSMET.<br \/>\nFecha: 27 de Agosto de 2008 Hora: 12:01 a.m.<br \/>\nAVISO DE CICL\u00d3N TROPICAL No. 9<\/p>\n<p>TORMENTA TROPICAL GUSTAV<\/p>\n<p>Gustav se debilita, es una tormenta tropical<\/p>\n<p>Debe continuar prest\u00e1ndose la mayor atenci\u00f3n en las provincias orientales de nuestro pa\u00eds a la evoluci\u00f3n y futura trayectoria de la ahora tormenta tropical Gustav, especialmente en<br \/>\nGuant\u00e1namo, Santiago de Cuba y Granma.<\/p>\n<p>Desde hoy mi\u00e9rcoles se incrementar\u00e1n lluvias, que ser\u00e1n fuertes y localmente intensas en las provincias de Guant\u00e1namo y Holgu\u00edn, y se extender\u00e1n gradualmente hacia el resto de las provincias orientales, especialmente en las zonas monta\u00f1osas y de la costa sur, con riesgo de inundaciones y desprendimientos de tierra.<\/p>\n<p>Continuar\u00e1n los chubascos a intervalos en la regi\u00f3n oriental, los que se har\u00e1n m\u00e1s frecuentes. Habr\u00e1 fuertes marejadas en ambas costas orientales, con posibles inundaciones costeras en la ciudad de Baracoa, mientras que hay gran probabilidad de que se produzcan inundaciones costeras hoy en la costa sur de Guant\u00e1namo y Santiago de Cuba.<\/p>\n<p>Los vientos alcanzar\u00e1n velocidades de 60 a 90 kil\u00f3metros por hora y rachas superiores, sobre todo en zonas de la costa sur oriental, aumentando el viento en Guant\u00e1namo por la ma\u00f1ana y en Santiago de Cuba durante el per\u00edodo tarde-noche.<\/p>\n<p>Gustav se ha debilitado debido a su interacci\u00f3n con las monta\u00f1as al transitar sobre tierra haitiana. Ahora es una tormenta tropical y sus\u00a0 vientos m\u00e1ximos sostenidos son de 110 kil\u00f3metros por hora, con rachas superiores. Su presi\u00f3n central subi\u00f3 hasta 994 hectoPascal. Gustav inclin\u00f3 su rumbo al oestenoroeste como se hab\u00eda anticipado y ahora se mueve en esa direcci\u00f3n a unos 13 kil\u00f3metros por hora. Durante hoy mi\u00e9rcoles o ma\u00f1ana jueves, podr\u00eda moverse con rumbo pr\u00f3ximo al oeste, para retomar despu\u00e9s el oestenoroeste en el noroeste del Mar Caribe al sur de Cuba.<\/p>\n<p>A la medianoche, el centro de la tormenta tropical Gustav se estim\u00f3 en los 18,6 grados latitud norte y los 73,7\u00a0 grados de longitud oeste,\u00a0 posici\u00f3n que lo sit\u00faa a unos 215 kil\u00f3metros al sudeste de Guant\u00e1namo, Cuba, y a unos 335 kil\u00f3metros al estenordeste de Kingston, Jamaica.<\/p>\n<p>Se pronostica que en las pr\u00f3ximas 12 a 24 horas, Gustav experimentar\u00e1 poco cambio en su<br \/>\nvelocidad de traslaci\u00f3n, y se desplazar\u00e1 con rumbo entre el oestenoroeste y oeste con posibilidades de intensificarse gradualmente al estar su trayectoria sobre el mar.<\/p>\n<p>Se reitera que debe prestarse gran atenci\u00f3n en las provincias orientales de nuestro pa\u00eds a la evoluci\u00f3n y futura trayectoria de Gustav, principalmente en las provincias de Guant\u00e1namo, Santiago de Cuba y Granma.<\/p>\n<p>El pr\u00f3ximo aviso de cicl\u00f3n tropical se emitir\u00e1 a las seis de la ma\u00f1ana de hoy.<\/p>\n<p>J. Rubiera\/M. A. Hern\u00e1ndez\/Y. Berm\u00fadez<\/p>\n","protected":false},"excerpt":{"rendered":"<p>Aviso de Cicl\u00f3n Tropical. Centro de Pron\u00f3sticos, INSMET. Fecha: 27 de Agosto de 2008 Hora: 12:01 a.m. AVISO DE CICL\u00d3N TROPICAL No. 9 TORMENTA TROPICAL GUSTAV Gustav se debilita, es una tormenta tropical Debe continuar prest\u00e1ndose la mayor atenci\u00f3n en las provincias orientales de nuestro pa\u00eds a la evoluci\u00f3n y futura trayectoria de la ahora [&hellip;]<\/p>\n","protected":false},"author":169,"featured_media":0,"comment_status":"closed","ping_status":"open","sticky":false,"template":"","format":"standard","meta":[],"categories":[68,114,5],"tags":[],"_links":{"self":[{"href":"https:\/\/blogs.sld.cu\/behique\/wp-json\/wp\/v2\/posts\/78"}],"collection":[{"href":"https:\/\/blogs.sld.cu\/behique\/wp-json\/wp\/v2\/posts"}],"about":[{"href":"https:\/\/blogs.sld.cu\/behique\/wp-json\/wp\/v2\/types\/post"}],"author":[{"embeddable":true,"href":"https:\/\/blogs.sld.cu\/behique\/wp-json\/wp\/v2\/users\/169"}],"replies":[{"embeddable":true,"href":"https:\/\/blogs.sld.cu\/behique\/wp-json\/wp\/v2\/comments?post=78"}],"version-history":[{"count":0,"href":"https:\/\/blogs.sld.cu\/behique\/wp-json\/wp\/v2\/posts\/78\/revisions"}],"wp:attachment":[{"href":"https:\/\/blogs.sld.cu\/behique\/wp-json\/wp\/v2\/media?parent=78"}],"wp:term":[{"taxonomy":"category","embeddable":true,"href":"https:\/\/blogs.sld.cu\/behique\/wp-json\/wp\/v2\/categories?post=78"},{"taxonomy":"post_tag","embeddable":true,"href":"https:\/\/blogs.sld.cu\/behique\/wp-json\/wp\/v2\/tags?post=78"}],"curies":[{"name":"wp","href":"https:\/\/api.w.org\/{rel}","templated":true}]}}