{"id":79,"date":"2008-08-27T06:18:37","date_gmt":"2008-08-27T10:18:37","guid":{"rendered":"http:\/\/blogviejo.sld.cu\/avisosciclon\/2008\/08\/27\/tormenta-tropical-gustav-aviso-no-10\/"},"modified":"2008-08-27T06:18:37","modified_gmt":"2008-08-27T10:18:37","slug":"tormenta-tropical-gustav-aviso-no-10","status":"publish","type":"post","link":"https:\/\/blogs.sld.cu\/behique\/2008\/08\/27\/tormenta-tropical-gustav-aviso-no-10\/","title":{"rendered":"Tormenta tropical Gustav Aviso No. 10"},"content":{"rendered":"<p>Aviso de Cicl\u00f3n Tropical.<br \/>\nCentro de Pron\u00f3sticos, INSMET.<br \/>\nFecha: 27 de agosto de 2008 Hora: 6:30 a.m.<br \/>\nAVISO DE CICL\u00d3N TROPICAL No. 10<\/p>\n<p>TORMENTA TROPICAL GUSTAV<\/p>\n<p>Gustav casi estacionario<\/p>\n<p>Debe continuar prest\u00e1ndose la mayor atenci\u00f3n en las provincias orientales de nuestro pa\u00eds a la\u00a0 evoluci\u00f3n y futura trayectoria de la ahora tormenta tropical Gustav, especialmente en\u00a0 Guant\u00e1namo, Santiago de Cuba y Granma.<\/p>\n<p>Hoy se incrementar\u00e1n las lluvias, que ser\u00e1n fuertes y localmente intensas en las provincias de\u00a0 Guant\u00e1namo y Holgu\u00edn, y se extender\u00e1n gradualmente hacia el resto de las provincias orientales, especialmente en las zonas monta\u00f1osas y de la costa sur, con riesgo de inundaciones y desprendimientos de tierra.<\/p>\n<p>Continuar\u00e1n los chubascos a intervalos en la regi\u00f3n oriental, los que se har\u00e1n m\u00e1s frecuentes.<\/p>\n<p>Habr\u00e1 fuertes marejadas en ambas costas orientales, con posibles inundaciones costeras en la\u00a0 ciudad de Baracoa, mientras que hay gran probabilidad de que se produzcan inundaciones costeras\u00a0 hoy en la costa sur de Guant\u00e1namo y Santiago de Cuba.<\/p>\n<p>Los vientos alcanzar\u00e1n velocidades de 60 a 90 kil\u00f3metros por hora y rachas superiores, sobre todo en zonas de la costa sur oriental, aumentando el viento en Guant\u00e1namo por la tarde y en Santiago\u00a0 de Cuba durante el per\u00edodo noche-madrugada.<\/p>\n<p>A las seis de la ma\u00f1ana el centro de la tormenta tropical Gustav se estim\u00f3 en los 18,6 grados de latitud Norte y los 73,5 grados de longitud oeste,\u00a0 posici\u00f3n que lo sit\u00faa a unos 250 kil\u00f3metros al sudeste de Guant\u00e1namo, Cuba, y a unos 355 kil\u00f3metros al estenordeste de Kingston, Jamaica.<\/p>\n<p>Gustav durante la madrugada ha estado como casi estacionario y ha continuado debilit\u00e1ndose.\u00a0 Ahora sus\u00a0 vientos m\u00e1ximos sostenidos son de 95 kil\u00f3metros por hora, con rachas superiores. Su\u00a0 presi\u00f3n central ascendi\u00f3 hasta 998 hectoPascal.<\/p>\n<p>Se pronostica que en las pr\u00f3ximas 12 a 24 horas, Gustav inicie un lento desplazamiento con rumbo entre el oestenoroeste y el oeste a raz\u00f3n de 7 kil\u00f3metros por hora, para durante el d\u00eda de hoy o ma\u00f1ana jueves, moverse con rumbo pr\u00f3ximo al oeste, retomando despu\u00e9s el oestenoroeste ya en el noroeste del Mar Caribe al sur de Cuba, con posibilidades de intensificarse gradualmente al estar su trayectoria sobre el mar.<\/p>\n<p>Se reitera que debe prestarse gran atenci\u00f3n en las provincias orientales de nuestro pa\u00eds a la\u00a0 evoluci\u00f3n y futura trayectoria de Gustav, principalmente en las provincias de Guant\u00e1namo, Santiago de Cuba y Granma.<\/p>\n<p>El pr\u00f3ximo aviso de cicl\u00f3n tropical se emitir\u00e1 al mediodia de hoy.<\/p>\n<p>J. Rubiera\/M. A. Hern\u00e1ndez\/Y. Berm\u00fadez<\/p>\n","protected":false},"excerpt":{"rendered":"<p>Aviso de Cicl\u00f3n Tropical. Centro de Pron\u00f3sticos, INSMET. Fecha: 27 de agosto de 2008 Hora: 6:30 a.m. AVISO DE CICL\u00d3N TROPICAL No. 10 TORMENTA TROPICAL GUSTAV Gustav casi estacionario Debe continuar prest\u00e1ndose la mayor atenci\u00f3n en las provincias orientales de nuestro pa\u00eds a la\u00a0 evoluci\u00f3n y futura trayectoria de la ahora tormenta tropical Gustav, especialmente [&hellip;]<\/p>\n","protected":false},"author":169,"featured_media":0,"comment_status":"closed","ping_status":"open","sticky":false,"template":"","format":"standard","meta":[],"categories":[68,114,5],"tags":[],"_links":{"self":[{"href":"https:\/\/blogs.sld.cu\/behique\/wp-json\/wp\/v2\/posts\/79"}],"collection":[{"href":"https:\/\/blogs.sld.cu\/behique\/wp-json\/wp\/v2\/posts"}],"about":[{"href":"https:\/\/blogs.sld.cu\/behique\/wp-json\/wp\/v2\/types\/post"}],"author":[{"embeddable":true,"href":"https:\/\/blogs.sld.cu\/behique\/wp-json\/wp\/v2\/users\/169"}],"replies":[{"embeddable":true,"href":"https:\/\/blogs.sld.cu\/behique\/wp-json\/wp\/v2\/comments?post=79"}],"version-history":[{"count":0,"href":"https:\/\/blogs.sld.cu\/behique\/wp-json\/wp\/v2\/posts\/79\/revisions"}],"wp:attachment":[{"href":"https:\/\/blogs.sld.cu\/behique\/wp-json\/wp\/v2\/media?parent=79"}],"wp:term":[{"taxonomy":"category","embeddable":true,"href":"https:\/\/blogs.sld.cu\/behique\/wp-json\/wp\/v2\/categories?post=79"},{"taxonomy":"post_tag","embeddable":true,"href":"https:\/\/blogs.sld.cu\/behique\/wp-json\/wp\/v2\/tags?post=79"}],"curies":[{"name":"wp","href":"https:\/\/api.w.org\/{rel}","templated":true}]}}