{"id":804,"date":"2010-10-18T11:59:22","date_gmt":"2010-10-18T15:59:22","guid":{"rendered":"http:\/\/blogviejo.sld.cu\/avisosciclon\/?p=804"},"modified":"2010-10-18T11:59:22","modified_gmt":"2010-10-18T15:59:22","slug":"huracan-paula-aviso-no-4","status":"publish","type":"post","link":"https:\/\/blogs.sld.cu\/behique\/2010\/10\/18\/huracan-paula-aviso-no-4\/","title":{"rendered":"Hurac\u00e1n Paula Aviso No. 4"},"content":{"rendered":"<p>Aviso de Cicl\u00f3n Tropical.<br \/>\nCentro de Pron\u00f3sticos, INSMET.<br \/>\nFecha: 12 de Octubre de 2010 Hora: 12: 00 M.<\/p>\n<p>AVISO DE CICLON TROPICAL No 4.<\/p>\n<p>HURAC\u00c1N PAULA.<\/p>\n<p>&#8230;Paula se mueve hacia el Nortenoroeste&#8230;Lluvias en la regi\u00f3n occidental de Cuba&#8230;<\/p>\n<p>Por el momento el mayor inter\u00e9s para Cuba lo constituyen las bandas externas del hurac\u00e1n Paula que pueden incrementar las lluvias en la regi\u00f3n occidental durante las pr\u00f3ximas 12 a 24 horas.<\/p>\n<p>Aunque las lluvias registradas hasta el momento no han sido fuertes, a medida que Paula se aproxime al Canal de Yucat\u00e1n, pueden generarse bandas de lluvias externas que producir\u00e1n chubascos y lluvias fuertes o localmente intensas en la regi\u00f3n occidental de Cuba, principalmente en la provincia de Pinar del R\u00edo, y en la Isla de la Juventud.<\/p>\n<p>Durante la ma\u00f1ana el hurac\u00e1n Paula continu\u00f3 ganando en organizaci\u00f3n y mantiene vientos m\u00e1ximos sostenidos de 120 kil\u00f3metros por hora, con rachas superiores, y una presi\u00f3n m\u00ednima central de 991 hectoPascal, por lo que contin\u00faa como un hurac\u00e1n categor\u00eda uno en la escala Saffir Simpson de un m\u00e1ximo de cinco.<\/p>\n<p>Al mediod\u00eda el centro del hurac\u00e1n Paula fue estimado en los 18.7 grados de latitud Norte y los 85.8 grados de longitud Oeste, posici\u00f3n que la sit\u00faa a unos 235 kil\u00f3metros al Sursudeste de Cozumel, pen\u00ednsula de Yucat\u00e1n, M\u00e9xico y a unos 365 kil\u00f3metros al Sursuroeste del Cabo de San Antonio.<\/p>\n<p>Paula se desplaza con rumbo pr\u00f3ximo al Nortenoroeste a raz\u00f3n de 17 kil\u00f3metros por hora.<\/p>\n<p>Se pronostica para las pr\u00f3ximas 24 a 48 horas el hurac\u00e1n se mover\u00e1 en el mismo rumbo inclinando su trayectoria hacia el Norte, aproxim\u00e1ndose a la costa Nordeste de la pen\u00ednsula de Yucat\u00e1n, M\u00e9xico, con posibilidades de ganar algo m\u00e1s en intensidad.<\/p>\n<p>Dada su posici\u00f3n y \u00e9poca del a\u00f1o el Centro de Pron\u00f3sticos del Instituto de Meteorolog\u00eda mantendr\u00e1 estrecha vigilancia sobre la evoluci\u00f3n y futura trayectoria de este organismo tropical.<\/p>\n<p>El pr\u00f3ximo aviso de cicl\u00f3n tropical se emitir\u00e1 a las seis de la tarde de hoy.<\/p>\n<p>J.Rubiera A. Caymares<\/p>\n","protected":false},"excerpt":{"rendered":"<p>Aviso de Cicl\u00f3n Tropical. Centro de Pron\u00f3sticos, INSMET. Fecha: 12 de Octubre de 2010 Hora: 12: 00 M. AVISO DE CICLON TROPICAL No 4. HURAC\u00c1N PAULA. &#8230;Paula se mueve hacia el Nortenoroeste&#8230;Lluvias en la regi\u00f3n occidental de Cuba&#8230; Por el momento el mayor inter\u00e9s para Cuba lo constituyen las bandas externas del hurac\u00e1n Paula que [&hellip;]<\/p>\n","protected":false},"author":169,"featured_media":0,"comment_status":"closed","ping_status":"open","sticky":false,"template":"","format":"standard","meta":[],"categories":[158,178,7],"tags":[],"_links":{"self":[{"href":"https:\/\/blogs.sld.cu\/behique\/wp-json\/wp\/v2\/posts\/804"}],"collection":[{"href":"https:\/\/blogs.sld.cu\/behique\/wp-json\/wp\/v2\/posts"}],"about":[{"href":"https:\/\/blogs.sld.cu\/behique\/wp-json\/wp\/v2\/types\/post"}],"author":[{"embeddable":true,"href":"https:\/\/blogs.sld.cu\/behique\/wp-json\/wp\/v2\/users\/169"}],"replies":[{"embeddable":true,"href":"https:\/\/blogs.sld.cu\/behique\/wp-json\/wp\/v2\/comments?post=804"}],"version-history":[{"count":0,"href":"https:\/\/blogs.sld.cu\/behique\/wp-json\/wp\/v2\/posts\/804\/revisions"}],"wp:attachment":[{"href":"https:\/\/blogs.sld.cu\/behique\/wp-json\/wp\/v2\/media?parent=804"}],"wp:term":[{"taxonomy":"category","embeddable":true,"href":"https:\/\/blogs.sld.cu\/behique\/wp-json\/wp\/v2\/categories?post=804"},{"taxonomy":"post_tag","embeddable":true,"href":"https:\/\/blogs.sld.cu\/behique\/wp-json\/wp\/v2\/tags?post=804"}],"curies":[{"name":"wp","href":"https:\/\/api.w.org\/{rel}","templated":true}]}}