{"id":81,"date":"2008-08-27T19:02:18","date_gmt":"2008-08-27T23:02:18","guid":{"rendered":"http:\/\/blogviejo.sld.cu\/avisosciclon\/2008\/08\/27\/tormenta-tropical-gustav-aviso-no-12\/"},"modified":"2008-08-27T19:02:18","modified_gmt":"2008-08-27T23:02:18","slug":"tormenta-tropical-gustav-aviso-no-12","status":"publish","type":"post","link":"https:\/\/blogs.sld.cu\/behique\/2008\/08\/27\/tormenta-tropical-gustav-aviso-no-12\/","title":{"rendered":"Tormenta tropical Gustav Aviso No. 12"},"content":{"rendered":"<p>Aviso de Cicl\u00f3n Tropical.<br \/>\nCentro de Pron\u00f3sticos, INSMET.<br \/>\nFecha: 27 de agosto de 2008. Hora: 6:00 p.m.<\/p>\n<p>AVISO DE CICL\u00d3N TROPICAL No. 12<\/p>\n<p>TORMENTA TROPICAL GUSTAV<\/p>\n<p>Gustav se desplaza lentamente por el estrecho de Col\u00f3n<\/p>\n<p>Debe mantenerse la mayor atenci\u00f3n en las provincias orientales de nuestro pa\u00eds a la evoluci\u00f3n y futura trayectoria de la tormenta tropical Gustav, especialmente en la provincia Granma.<\/p>\n<p>Desde la noche de hoy se incrementar\u00e1n las lluvias, que ser\u00e1n fuertes y localmente intensas en las provincias de Guant\u00e1namo y Holgu\u00edn, y se ir\u00e1n extendiendo gradualmente hacia el resto de las provincias orientales, especialmente en las zonas monta\u00f1osas y de la costa sur, con riesgo de inundaciones y desprendimientos de tierra.<\/p>\n<p>Se mantendr\u00e1n las fuertes marejadas en ambas costas orientales, con inundaciones costeras que continuar\u00e1n en la ciudad de Baracoa esta noche. Habr\u00e1 inundaciones costeras en la costa sur de Guant\u00e1namo desde esta noche y en Santiago de Cuba desde ma\u00f1ana temprano, las que se extender\u00e1n a la costa sur de Granma desde la noche del jueves.<\/p>\n<p>Los vientos alcanzar\u00e1n velocidades de 50 a 70 kil\u00f3metros por hora y rachas superiores en zonas de la costa sur oriental desde esta noche, aumentando el viento, con valores superiores a estos, en la provincia Granma desde la tarde-noche de ma\u00f1ana jueves.<\/p>\n<p>A las seis de la tarde de hoy, el centro de la tormenta tropical Gustav se estim\u00f3 en los 19,1 grados de latitud norte y los 74,5 grados de longitud oeste, posici\u00f3n que lo sit\u00faa a unos 115 kil\u00f3metros al sudeste de Guant\u00e1namo, Cuba, y a unos 275 kil\u00f3metros al estenordeste de Kingston, Jamaica.<\/p>\n<p>Durante la tarde Gustav se movi\u00f3 al oestenoroeste, lentamente, a raz\u00f3n de unos 6 kil\u00f3metros por hora. Sus vientos m\u00e1ximos han disminuido hasta 85 kil\u00f3metros por hora, con rachas superiores.<\/p>\n<p>Su presi\u00f3n central es ahora de 999 hectoPascal.<\/p>\n<p>Durante las pr\u00f3ximas 12 a 24 horas Gustav se desplazar\u00e1 con rumbo entre el oestenoroeste y el oeste a raz\u00f3n de 10 kil\u00f3metros por hora. Este movimiento lo llevar\u00e1 a continuar desplaz\u00e1ndose por aguas del estrecho de Col\u00f3n, entre Jamaica y la costa sur oriental de Cuba. Desde ma\u00f1ana puede retomar el rumbo pr\u00f3ximo al oestenoroeste en el Mar Caribe al sur de Cuba. Hay que destacar que en esta trayectoria sobre el mar, Gustav se intensificar\u00e1 gradualmente, pudiendo ser de nuevo hurac\u00e1n ma\u00f1ana.<\/p>\n<p>Por esta causa, se reitera que debe continuarse la mayor atenci\u00f3n en las provincias orientales de nuestro pa\u00eds a la evoluci\u00f3n y futura trayectoria de Gustav, principalmente en la provincia de Granma. Sin embargo, hay que destacar que las lluvias fuertes y localmente intensas pronosticadas pueden ocurrir en general en las provincias orientales, principalmente en las zonas monta\u00f1osas y de la costa sur.<\/p>\n<p>El pr\u00f3ximo aviso de cicl\u00f3n tropical se emitir\u00e1 a la medianoche de hoy.<\/p>\n<p>J. Rubiera\/L. Quintero<\/p>\n","protected":false},"excerpt":{"rendered":"<p>Aviso de Cicl\u00f3n Tropical. Centro de Pron\u00f3sticos, INSMET. Fecha: 27 de agosto de 2008. Hora: 6:00 p.m. AVISO DE CICL\u00d3N TROPICAL No. 12 TORMENTA TROPICAL GUSTAV Gustav se desplaza lentamente por el estrecho de Col\u00f3n Debe mantenerse la mayor atenci\u00f3n en las provincias orientales de nuestro pa\u00eds a la evoluci\u00f3n y futura trayectoria de la [&hellip;]<\/p>\n","protected":false},"author":169,"featured_media":0,"comment_status":"closed","ping_status":"open","sticky":false,"template":"","format":"standard","meta":[],"categories":[68,114,5],"tags":[],"_links":{"self":[{"href":"https:\/\/blogs.sld.cu\/behique\/wp-json\/wp\/v2\/posts\/81"}],"collection":[{"href":"https:\/\/blogs.sld.cu\/behique\/wp-json\/wp\/v2\/posts"}],"about":[{"href":"https:\/\/blogs.sld.cu\/behique\/wp-json\/wp\/v2\/types\/post"}],"author":[{"embeddable":true,"href":"https:\/\/blogs.sld.cu\/behique\/wp-json\/wp\/v2\/users\/169"}],"replies":[{"embeddable":true,"href":"https:\/\/blogs.sld.cu\/behique\/wp-json\/wp\/v2\/comments?post=81"}],"version-history":[{"count":0,"href":"https:\/\/blogs.sld.cu\/behique\/wp-json\/wp\/v2\/posts\/81\/revisions"}],"wp:attachment":[{"href":"https:\/\/blogs.sld.cu\/behique\/wp-json\/wp\/v2\/media?parent=81"}],"wp:term":[{"taxonomy":"category","embeddable":true,"href":"https:\/\/blogs.sld.cu\/behique\/wp-json\/wp\/v2\/categories?post=81"},{"taxonomy":"post_tag","embeddable":true,"href":"https:\/\/blogs.sld.cu\/behique\/wp-json\/wp\/v2\/tags?post=81"}],"curies":[{"name":"wp","href":"https:\/\/api.w.org\/{rel}","templated":true}]}}