{"id":834,"date":"2010-10-18T12:29:22","date_gmt":"2010-10-18T16:29:22","guid":{"rendered":"http:\/\/blogviejo.sld.cu\/avisosciclon\/?p=834"},"modified":"2010-10-18T12:29:22","modified_gmt":"2010-10-18T16:29:22","slug":"depresion-tropical-paula-aviso-no-15","status":"publish","type":"post","link":"https:\/\/blogs.sld.cu\/behique\/2010\/10\/18\/depresion-tropical-paula-aviso-no-15\/","title":{"rendered":"Depresi\u00f3n tropical Paula Aviso No. 15"},"content":{"rendered":"<p>Aviso de Cicl\u00f3n Tropical.<br \/>\nCentro de Pron\u00f3sticos, INSMET.<br \/>\nFecha: 15 de Octubre de 2010 Hora: 6:00 AM.<\/p>\n<p>AVISO DE CICLON TROPICAL No. 15.<\/p>\n<p>DEPRESION TROPICAL PAULA.<\/p>\n<p>&#8230;Paula como depresi\u00f3n tropical contin\u00faa sobre Matanzas&#8230;<\/p>\n<p>Paula ha continuado debilit\u00e1ndose, ahora tiene vientos m\u00e1ximos sostenidos de 55 kil\u00f3metros por hora, con rachas superiores y una presi\u00f3n de 1008 hectoPascal por lo que es una depresi\u00f3n tropical.<\/p>\n<p>A las seis de esta ma\u00f1ana, la regi\u00f3n central pobremente definida de Paula se localizaba en 22.7 grados de latitud norte y 81.0 grados de longitud oeste, posici\u00f3n que la sit\u00faa sobre Col\u00f3n, en la porci\u00f3n centro-oriental de Matanzas. Ha mantenido un rumbo pr\u00f3ximo al Este a unos 22 kil\u00f3metros por hora.<\/p>\n<p>Se pronostica que en las pr\u00f3ximas 12 a 24 horas, esta depresi\u00f3n tropical continuar\u00e1 movi\u00e9ndose al Este con similar velocidad de traslaci\u00f3n, debilit\u00e1ndose m\u00e1s sobre el territorio cubano.<\/p>\n<p>El pr\u00f3ximo aviso de cicl\u00f3n tropical se emitir\u00e1 al mediod\u00eda de hoy.<\/p>\n<p>J. Gonz\u00e1lez.<\/p>\n","protected":false},"excerpt":{"rendered":"<p>Aviso de Cicl\u00f3n Tropical. Centro de Pron\u00f3sticos, INSMET. Fecha: 15 de Octubre de 2010 Hora: 6:00 AM. AVISO DE CICLON TROPICAL No. 15. DEPRESION TROPICAL PAULA. &#8230;Paula como depresi\u00f3n tropical contin\u00faa sobre Matanzas&#8230; Paula ha continuado debilit\u00e1ndose, ahora tiene vientos m\u00e1ximos sostenidos de 55 kil\u00f3metros por hora, con rachas superiores y una presi\u00f3n de 1008 [&hellip;]<\/p>\n","protected":false},"author":169,"featured_media":0,"comment_status":"closed","ping_status":"open","sticky":false,"template":"","format":"standard","meta":[],"categories":[158,178,7],"tags":[],"_links":{"self":[{"href":"https:\/\/blogs.sld.cu\/behique\/wp-json\/wp\/v2\/posts\/834"}],"collection":[{"href":"https:\/\/blogs.sld.cu\/behique\/wp-json\/wp\/v2\/posts"}],"about":[{"href":"https:\/\/blogs.sld.cu\/behique\/wp-json\/wp\/v2\/types\/post"}],"author":[{"embeddable":true,"href":"https:\/\/blogs.sld.cu\/behique\/wp-json\/wp\/v2\/users\/169"}],"replies":[{"embeddable":true,"href":"https:\/\/blogs.sld.cu\/behique\/wp-json\/wp\/v2\/comments?post=834"}],"version-history":[{"count":0,"href":"https:\/\/blogs.sld.cu\/behique\/wp-json\/wp\/v2\/posts\/834\/revisions"}],"wp:attachment":[{"href":"https:\/\/blogs.sld.cu\/behique\/wp-json\/wp\/v2\/media?parent=834"}],"wp:term":[{"taxonomy":"category","embeddable":true,"href":"https:\/\/blogs.sld.cu\/behique\/wp-json\/wp\/v2\/categories?post=834"},{"taxonomy":"post_tag","embeddable":true,"href":"https:\/\/blogs.sld.cu\/behique\/wp-json\/wp\/v2\/tags?post=834"}],"curies":[{"name":"wp","href":"https:\/\/api.w.org\/{rel}","templated":true}]}}