{"id":85,"date":"2008-08-28T12:55:55","date_gmt":"2008-08-28T16:55:55","guid":{"rendered":"http:\/\/blogviejo.sld.cu\/avisosciclon\/2008\/08\/28\/tormenta-tropical-hanna-aviso-no-2\/"},"modified":"2008-08-28T12:55:55","modified_gmt":"2008-08-28T16:55:55","slug":"tormenta-tropical-hanna-aviso-no-2","status":"publish","type":"post","link":"https:\/\/blogs.sld.cu\/behique\/2008\/08\/28\/tormenta-tropical-hanna-aviso-no-2\/","title":{"rendered":"Tormenta tropical Hanna Aviso No. 2"},"content":{"rendered":"<p>Aviso de Cicl\u00f3n Tropical<br \/>\nCentro de Pron\u00f3sticos, INSMET.<br \/>\nFecha: 28 de agosto de 2008. Hora: 11:00 a.m.<\/p>\n<p>AVISO DE CICLON TROPICAL No. 2<\/p>\n<p>TORMENTA TROPICAL HANNA<\/p>\n<p>Se forma la tormenta tropical Hanna<\/p>\n<p>Durante la ma\u00f1ana de hoy la depresi\u00f3n tropical n\u00famero ocho ha continuado<br \/>\norganiz\u00e1ndose para convertirse en la tormenta tropical Hanna, la n\u00famero<br \/>\nocho tambi\u00e9n de la actual temporada cicl\u00f3nica. A las once de la ma\u00f1ana de hoy, su centro se localiz\u00f3 en los 20,5 grados de latitud norte y los 59,2 grados de longitud oeste, posici\u00f3n que la sit\u00faa a unos 490 kil\u00f3metros al nordeste del grupo norte de las Antillas Menores.<\/p>\n<p>Se mueve al oestenoroeste a raz\u00f3n de 19 kil\u00f3metros por hora, sus vientos<br \/>\nm\u00e1ximos sostenidos son ahora de 65 kil\u00f3metros por hora, superiores en rachas, y su presi\u00f3n central ha disminuido a 1002 hectoPascal.<\/p>\n<p>Se pronostica que en las pr\u00f3ximas 12 a 24 horas Hanna contin\u00fae fortaleci\u00e9ndose con igual movimiento.<\/p>\n<p>El pr\u00f3ximo aviso de cicl\u00f3n tropical se emitir\u00e1 a las seis de la tarde de hoy.<\/p>\n<p>J. Gonz\u00e1lez\/A. Caymares<\/p>\n","protected":false},"excerpt":{"rendered":"<p>Aviso de Cicl\u00f3n Tropical Centro de Pron\u00f3sticos, INSMET. Fecha: 28 de agosto de 2008. Hora: 11:00 a.m. AVISO DE CICLON TROPICAL No. 2 TORMENTA TROPICAL HANNA Se forma la tormenta tropical Hanna Durante la ma\u00f1ana de hoy la depresi\u00f3n tropical n\u00famero ocho ha continuado organiz\u00e1ndose para convertirse en la tormenta tropical Hanna, la n\u00famero ocho [&hellip;]<\/p>\n","protected":false},"author":169,"featured_media":0,"comment_status":"closed","ping_status":"open","sticky":false,"template":"","format":"standard","meta":[],"categories":[69,118,5],"tags":[],"_links":{"self":[{"href":"https:\/\/blogs.sld.cu\/behique\/wp-json\/wp\/v2\/posts\/85"}],"collection":[{"href":"https:\/\/blogs.sld.cu\/behique\/wp-json\/wp\/v2\/posts"}],"about":[{"href":"https:\/\/blogs.sld.cu\/behique\/wp-json\/wp\/v2\/types\/post"}],"author":[{"embeddable":true,"href":"https:\/\/blogs.sld.cu\/behique\/wp-json\/wp\/v2\/users\/169"}],"replies":[{"embeddable":true,"href":"https:\/\/blogs.sld.cu\/behique\/wp-json\/wp\/v2\/comments?post=85"}],"version-history":[{"count":0,"href":"https:\/\/blogs.sld.cu\/behique\/wp-json\/wp\/v2\/posts\/85\/revisions"}],"wp:attachment":[{"href":"https:\/\/blogs.sld.cu\/behique\/wp-json\/wp\/v2\/media?parent=85"}],"wp:term":[{"taxonomy":"category","embeddable":true,"href":"https:\/\/blogs.sld.cu\/behique\/wp-json\/wp\/v2\/categories?post=85"},{"taxonomy":"post_tag","embeddable":true,"href":"https:\/\/blogs.sld.cu\/behique\/wp-json\/wp\/v2\/tags?post=85"}],"curies":[{"name":"wp","href":"https:\/\/api.w.org\/{rel}","templated":true}]}}