{"id":86,"date":"2008-08-28T12:56:33","date_gmt":"2008-08-28T16:56:33","guid":{"rendered":"http:\/\/blogviejo.sld.cu\/avisosciclon\/2008\/08\/28\/tormenta-tropical-gustav-aviso-no-15\/"},"modified":"2008-08-28T12:56:33","modified_gmt":"2008-08-28T16:56:33","slug":"tormenta-tropical-gustav-aviso-no-15","status":"publish","type":"post","link":"https:\/\/blogs.sld.cu\/behique\/2008\/08\/28\/tormenta-tropical-gustav-aviso-no-15\/","title":{"rendered":"Tormenta tropical Gustav Aviso No. 15"},"content":{"rendered":"<p>Aviso de Cicl\u00f3n Tropical<br \/>\nCentro de Pron\u00f3sticos, INSMET.<br \/>\nFecha: 28 de Agosto de 2008. Hora: 12:01 p.m.<\/p>\n<p>AVISO DE CICL\u00d3N TROPICAL No. 15<\/p>\n<p>TORMENTA TROPICAL GUSTAV<\/p>\n<p>Gustav se mueve ahora al oeste y contin\u00faa fortaleci\u00e9ndose<\/p>\n<p>Gustav ha continuado fortaleci\u00e9ndose durante la ma\u00f1ana de hoy, ahora la intensidad de sus vientos m\u00e1ximos sostenidos se ha incrementado hasta 110 kil\u00f3metros por hora, con rachas superiores, y su presi\u00f3n m\u00ednima ha descendido a 983 hectoPascal.<\/p>\n<p>Por ello debe continuarse prestando la mayor atenci\u00f3n a la evoluci\u00f3n y futura trayectoria de la tormenta tropical Gustav, especialmente en las provincias de Granma, Santiago de Cuba, Guant\u00e1namo as\u00ed como en la regi\u00f3n occidental del Pa\u00eds.<\/p>\n<p>Al mediod\u00eda de hoy el centro de la tormenta tropical Gustav se localiz\u00f3 por el radar de la Gran Piedra, Santiago de Cuba en los 17,9 grados de latitud Norte y los 76,0 grados de longitud oeste, posici\u00f3n que lo sit\u00faa a 20 kil\u00f3metros al este de Punta Morante, extremo oriental de Jamaica, y a 275 kil\u00f3metros al sudeste de Cabo Cruz, Granma.<\/p>\n<p>Durante la ma\u00f1ana Gustav se ha movido con rumbo pr\u00f3ximo al oeste a raz\u00f3n de unos 7 kil\u00f3metros por hora.<\/p>\n<p>La intensificaci\u00f3n que ha tenido Gustav esta ma\u00f1ana y su desplazamiento al oeste y posible oestenoroeste, incrementan el riesgo de lluvia sobre Santiago de Cuba y Granma, principalmente en zonas de la costa sur y monta\u00f1osas, donde pueden llegar a ser fuertes y localmente intensas.<\/p>\n<p>Tambi\u00e9n continuar\u00e1n ocurriendo inundaciones costeras en las zonas bajas de la costa sur de Santiago de Cuba y Granma hoy y la primera parte del viernes.<\/p>\n<p>Se pronostica que en las pr\u00f3ximas 12 a 24 horas, Gustav se desplace con rumbo pr\u00f3ximo al oeste y posteriormente al oestenoroeste, incrementando su velocidad de traslaci\u00f3n. Gustav podr\u00eda intensificarse m\u00e1s, llegando a la categor\u00eda de hurac\u00e1n hoy y adquiriendo mayor intensidad en su trayectoria al oestenoroeste sobre el Mar Caribe occidental al Sur de Cuba ma\u00f1ana viernes. Estas perspectivas hacen que las provincias de Pinar del R\u00edo, La Habana, Ciudad de La Habana y el municipio especial Isla de la Juventud, deban mantenerse muy informados.<\/p>\n<p>El pr\u00f3ximo aviso de cicl\u00f3n tropical se emitir\u00e1 a las seis de la tarde de hoy.<\/p>\n<p>J. Rubiera\/J. Gonz\u00e1lez<\/p>\n","protected":false},"excerpt":{"rendered":"<p>Aviso de Cicl\u00f3n Tropical Centro de Pron\u00f3sticos, INSMET. Fecha: 28 de Agosto de 2008. Hora: 12:01 p.m. AVISO DE CICL\u00d3N TROPICAL No. 15 TORMENTA TROPICAL GUSTAV Gustav se mueve ahora al oeste y contin\u00faa fortaleci\u00e9ndose Gustav ha continuado fortaleci\u00e9ndose durante la ma\u00f1ana de hoy, ahora la intensidad de sus vientos m\u00e1ximos sostenidos se ha incrementado [&hellip;]<\/p>\n","protected":false},"author":169,"featured_media":0,"comment_status":"closed","ping_status":"open","sticky":false,"template":"","format":"standard","meta":[],"categories":[68,114,5],"tags":[],"_links":{"self":[{"href":"https:\/\/blogs.sld.cu\/behique\/wp-json\/wp\/v2\/posts\/86"}],"collection":[{"href":"https:\/\/blogs.sld.cu\/behique\/wp-json\/wp\/v2\/posts"}],"about":[{"href":"https:\/\/blogs.sld.cu\/behique\/wp-json\/wp\/v2\/types\/post"}],"author":[{"embeddable":true,"href":"https:\/\/blogs.sld.cu\/behique\/wp-json\/wp\/v2\/users\/169"}],"replies":[{"embeddable":true,"href":"https:\/\/blogs.sld.cu\/behique\/wp-json\/wp\/v2\/comments?post=86"}],"version-history":[{"count":0,"href":"https:\/\/blogs.sld.cu\/behique\/wp-json\/wp\/v2\/posts\/86\/revisions"}],"wp:attachment":[{"href":"https:\/\/blogs.sld.cu\/behique\/wp-json\/wp\/v2\/media?parent=86"}],"wp:term":[{"taxonomy":"category","embeddable":true,"href":"https:\/\/blogs.sld.cu\/behique\/wp-json\/wp\/v2\/categories?post=86"},{"taxonomy":"post_tag","embeddable":true,"href":"https:\/\/blogs.sld.cu\/behique\/wp-json\/wp\/v2\/tags?post=86"}],"curies":[{"name":"wp","href":"https:\/\/api.w.org\/{rel}","templated":true}]}}