{"id":893,"date":"2010-10-30T18:43:09","date_gmt":"2010-10-30T22:43:09","guid":{"rendered":"http:\/\/blogviejo.sld.cu\/avisosciclon\/?p=893"},"modified":"2010-10-30T18:43:09","modified_gmt":"2010-10-30T22:43:09","slug":"huracan-tomas-aviso-no-5","status":"publish","type":"post","link":"https:\/\/blogs.sld.cu\/behique\/2010\/10\/30\/huracan-tomas-aviso-no-5\/","title":{"rendered":"Hurac\u00e1n Tomas Aviso No. 5"},"content":{"rendered":"<p>Aviso de Cicl\u00f3n Tropical.<br \/>\nCentro de Pron\u00f3sticos, INSMET.<br \/>\nFecha: 30 de Octubre de 2010 Hora: 6:00 PM.<\/p>\n<p>AVISO DE CICLON TROPICAL No 5.<\/p>\n<p>HURACAN TOMAS.<\/p>\n<p>&#8230;Tom\u00e1s azota grupo sur de las Antilla Menores&#8230;<\/p>\n<p>El hurac\u00e1n Tom\u00e1s durante la tarde a cruzado con vientos huracanados y lluvias torrenciales sobre las islas del grupo sur de las Antillas Menores.<\/p>\n<p>A las seis de la tarde su centro se estim\u00f3 en los 13.6 grados de latitud norte y 61.5 grados de longitud oeste, posici\u00f3n que la sit\u00faa a unos 65 kil\u00f3metros al nortenoroeste de la isla San Vicente, grupo sur de las antillas Menores y a 720 kil\u00f3metros al sudeste de San Juan, Puerto Rico.<\/p>\n<p>Este hurac\u00e1n mantiene vientos m\u00e1ximos sostenidos de 120 kil\u00f3metros por hora, con rachas superiores y una presi\u00f3n m\u00ednima central de 992 hectoPascal, por lo que es un hurac\u00e1n categor\u00eda uno en la escala Saffir Simpson. Contin\u00faa con rumbo oestenoroeste a raz\u00f3n de 17 kil\u00f3metros por hora.<\/p>\n<p>Se pronostica que en las pr\u00f3ximas 24 a 48 horas Tom\u00e1s mantendr\u00e1 el mismo rumbo disminuyendo su velocidad de traslaci\u00f3n y continuar\u00e1 intensific\u00e1ndose.<\/p>\n<p>El pr\u00f3ximo aviso de cicl\u00f3n tropical se emitir\u00e1 a la medianoche del domingo.<\/p>\n<p>M. A. Hern\u00e1ndez\u00a0 A. Espinosa<\/p>\n","protected":false},"excerpt":{"rendered":"<p>Aviso de Cicl\u00f3n Tropical. Centro de Pron\u00f3sticos, INSMET. Fecha: 30 de Octubre de 2010 Hora: 6:00 PM. AVISO DE CICLON TROPICAL No 5. HURACAN TOMAS. &#8230;Tom\u00e1s azota grupo sur de las Antilla Menores&#8230; El hurac\u00e1n Tom\u00e1s durante la tarde a cruzado con vientos huracanados y lluvias torrenciales sobre las islas del grupo sur de las [&hellip;]<\/p>\n","protected":false},"author":169,"featured_media":0,"comment_status":"closed","ping_status":"open","sticky":false,"template":"","format":"standard","meta":[],"categories":[166,7,11],"tags":[],"_links":{"self":[{"href":"https:\/\/blogs.sld.cu\/behique\/wp-json\/wp\/v2\/posts\/893"}],"collection":[{"href":"https:\/\/blogs.sld.cu\/behique\/wp-json\/wp\/v2\/posts"}],"about":[{"href":"https:\/\/blogs.sld.cu\/behique\/wp-json\/wp\/v2\/types\/post"}],"author":[{"embeddable":true,"href":"https:\/\/blogs.sld.cu\/behique\/wp-json\/wp\/v2\/users\/169"}],"replies":[{"embeddable":true,"href":"https:\/\/blogs.sld.cu\/behique\/wp-json\/wp\/v2\/comments?post=893"}],"version-history":[{"count":0,"href":"https:\/\/blogs.sld.cu\/behique\/wp-json\/wp\/v2\/posts\/893\/revisions"}],"wp:attachment":[{"href":"https:\/\/blogs.sld.cu\/behique\/wp-json\/wp\/v2\/media?parent=893"}],"wp:term":[{"taxonomy":"category","embeddable":true,"href":"https:\/\/blogs.sld.cu\/behique\/wp-json\/wp\/v2\/categories?post=893"},{"taxonomy":"post_tag","embeddable":true,"href":"https:\/\/blogs.sld.cu\/behique\/wp-json\/wp\/v2\/tags?post=893"}],"curies":[{"name":"wp","href":"https:\/\/api.w.org\/{rel}","templated":true}]}}