{"id":90,"date":"2008-08-29T09:44:45","date_gmt":"2008-08-29T13:44:45","guid":{"rendered":"http:\/\/blogviejo.sld.cu\/avisosciclon\/2008\/08\/29\/tormenta-tropical-gustav-aviso-no-17\/"},"modified":"2008-08-29T09:44:45","modified_gmt":"2008-08-29T13:44:45","slug":"tormenta-tropical-gustav-aviso-no-17","status":"publish","type":"post","link":"https:\/\/blogs.sld.cu\/behique\/2008\/08\/29\/tormenta-tropical-gustav-aviso-no-17\/","title":{"rendered":"Tormenta tropical Gustav Aviso No. 17"},"content":{"rendered":"<p>Aviso de Cicl\u00f3n Tropical<br \/>\nCentro de Pron\u00f3sticos, INSMET.<br \/>\nFecha: 29 de Agosto de 2008. Hora: 12:01 a.m.<\/p>\n<p>AVISO DE CICL\u00d3N TROPICAL No. 17<\/p>\n<p>TORMENTA TROPICAL GUSTAV<\/p>\n<p>Gustav contin\u00faa azotando con lluvias torrenciales a Jamaica<\/p>\n<p>Debe continuarse prestando la mayor atenci\u00f3n a la evoluci\u00f3n y futura trayectoria de la tormenta tropical Gustav, durante las pr\u00f3ximas horas en las provincias de Granma, Santiago de Cuba, Guant\u00e1namo, pero de manera especial durante los pr\u00f3ximos d\u00edas en la regi\u00f3n occidental del pa\u00eds.<\/p>\n<p>Continuar\u00e1n ocurriendo chubascos y lluvias sobre las provincias de la regi\u00f3n oriental, principalmente en zonas de la costa sur y monta\u00f1osas, donde pueden llegar a ser fuertes y localmente intensas. Tambi\u00e9n continuar\u00e1n ocurriendo marejadas e inundaciones costeras en las zonas bajas de la costa sur de Santiago de Cuba y Granma durante la primera mitad de hoy viernes. Se iniciar\u00e1n marejadas en la costa sur de Las Tunas y Camag\u00fcey desde la ma\u00f1ana, con inundaciones costeras en zonas bajas de este litoral. Las mismas se ir\u00e1n extendiendo a la costa sur de Ciego de \u00c1vila y Sancti Sp\u00edritus desde la noche de hoy viernes.<\/p>\n<p>La tormenta tropical Gustav mantiene vientos m\u00e1ximos sostenidos de 110 kil\u00f3metros por hora, con rachas superiores. Su presi\u00f3n central es ahora de 988 hectoPascal. Se mueve con rumbo pr\u00f3ximo al oeste a raz\u00f3n de 11 kil\u00f3metros por hora.<\/p>\n<p>A la medianoche del viernes, el centro de la tormenta tropical Gustav fue estimado en los 17,8 grados de latitud norte y los 77,4 grados de longitud oeste, posici\u00f3n que lo sit\u00faa a unos 225 kil\u00f3metros al suroeste de Cabo Cruz y 455 kil\u00f3metros al estesudeste de la isla Caim\u00e1n Grande.<\/p>\n<p>Durante las pr\u00f3ximas 12 a 24 horas, Gustav continuar\u00e1 desplaz\u00e1ndose en un rumbo pr\u00f3ximo al oeste y posteriormente al oestenoroeste, incrementando su velocidad de traslaci\u00f3n. Al abandonar el territorio de Jamaica esta noche, Gustav se intensificar\u00e1 y alcanzar\u00e1 la categor\u00eda de hurac\u00e1n en el Mar Caribe occidental, al sur de Cuba, hoy viernes.<\/p>\n<p>El movimiento y la intensificaci\u00f3n pronosticados hacen que las provincias de Pinar del R\u00edo, La Habana, Ciudad de La Habana y el municipio Especial de la Isla de la Juventud, deban mantenerse muy bien informadas sobre la trayectoria y evoluci\u00f3n de este peligroso sistema tropical.<\/p>\n<p>El pr\u00f3ximo aviso de cicl\u00f3n tropical se emitir\u00e1 a las seis de la ma\u00f1ana del viernes.<\/p>\n<p>J. Rubiera\/L. Quintero<\/p>\n","protected":false},"excerpt":{"rendered":"<p>Aviso de Cicl\u00f3n Tropical Centro de Pron\u00f3sticos, INSMET. Fecha: 29 de Agosto de 2008. Hora: 12:01 a.m. AVISO DE CICL\u00d3N TROPICAL No. 17 TORMENTA TROPICAL GUSTAV Gustav contin\u00faa azotando con lluvias torrenciales a Jamaica Debe continuarse prestando la mayor atenci\u00f3n a la evoluci\u00f3n y futura trayectoria de la tormenta tropical Gustav, durante las pr\u00f3ximas horas [&hellip;]<\/p>\n","protected":false},"author":169,"featured_media":0,"comment_status":"closed","ping_status":"open","sticky":false,"template":"","format":"standard","meta":[],"categories":[68,118,5],"tags":[],"_links":{"self":[{"href":"https:\/\/blogs.sld.cu\/behique\/wp-json\/wp\/v2\/posts\/90"}],"collection":[{"href":"https:\/\/blogs.sld.cu\/behique\/wp-json\/wp\/v2\/posts"}],"about":[{"href":"https:\/\/blogs.sld.cu\/behique\/wp-json\/wp\/v2\/types\/post"}],"author":[{"embeddable":true,"href":"https:\/\/blogs.sld.cu\/behique\/wp-json\/wp\/v2\/users\/169"}],"replies":[{"embeddable":true,"href":"https:\/\/blogs.sld.cu\/behique\/wp-json\/wp\/v2\/comments?post=90"}],"version-history":[{"count":0,"href":"https:\/\/blogs.sld.cu\/behique\/wp-json\/wp\/v2\/posts\/90\/revisions"}],"wp:attachment":[{"href":"https:\/\/blogs.sld.cu\/behique\/wp-json\/wp\/v2\/media?parent=90"}],"wp:term":[{"taxonomy":"category","embeddable":true,"href":"https:\/\/blogs.sld.cu\/behique\/wp-json\/wp\/v2\/categories?post=90"},{"taxonomy":"post_tag","embeddable":true,"href":"https:\/\/blogs.sld.cu\/behique\/wp-json\/wp\/v2\/tags?post=90"}],"curies":[{"name":"wp","href":"https:\/\/api.w.org\/{rel}","templated":true}]}}