{"id":910,"date":"2010-11-01T10:56:07","date_gmt":"2010-11-01T14:56:07","guid":{"rendered":"http:\/\/blogviejo.sld.cu\/avisosciclon\/?p=910"},"modified":"2010-11-01T10:56:07","modified_gmt":"2010-11-01T14:56:07","slug":"huracan-tomas-aviso-no-11","status":"publish","type":"post","link":"https:\/\/blogs.sld.cu\/behique\/2010\/11\/01\/huracan-tomas-aviso-no-11\/","title":{"rendered":"Tormenta tropical Tomas Aviso No. 11"},"content":{"rendered":"<p>Aviso de Cicl\u00f3n Tropical.<br \/>\nCentro de Pron\u00f3sticos, INSMET.<br \/>\nFecha: 1ro de Noviembre de 2010 Hora: 6:00 AM.<\/p>\n<p>AVISO DE CICLON TROPICAL No 11.<\/p>\n<p>TORMENTA TROPICAL TOMAS.<\/p>\n<p>&#8230; Tom\u00e1s continua debilit\u00e1ndose&#8230;<\/p>\n<p>Durante la madrugada Tom\u00e1s contin\u00fao debilit\u00e1ndose y ahora sus vientos m\u00e1ximos sostenidos son del orden de los 85 kil\u00f3metros por hora, con rachas superiores y su presi\u00f3n m\u00ednima central ha ascendido hasta 1003 hectoPascal.<\/p>\n<p>A la seis de la ma\u00f1ana su regi\u00f3n central se estim\u00f3 en los 13.7 grados de latitud Norte y los 68.1 grados de longitud Oeste, posici\u00f3n que lo sit\u00faa a 555 kil\u00f3metros al sursudeste de Santo Domingo, Republica Dominicana y a unos 195 kil\u00f3metros al nortenordeste de Curazao, en el Mar Caribe oriental.<\/p>\n<p>Esta tormenta tropical mantiene el rumbo pr\u00f3ximo al Oeste, disminuyendo ligeramente su velocidad de traslaci\u00f3n a 22 kil\u00f3metros por hora.<\/p>\n<p>Se pronostica que en las pr\u00f3ximas 12 a 24 horas Tom\u00e1s mantendr\u00e1 similar rumbo, disminuyendo a\u00fan m\u00e1s su velocidad de traslaci\u00f3n y continuar\u00e1 debilit\u00e1ndose.<\/p>\n<p>El pr\u00f3ximo aviso de cicl\u00f3n tropical se emitir\u00e1 al medio d\u00eda de hoy.<\/p>\n<p>M. A. Hern\u00e1ndez \u00a0\u00a0\u00a0 A. Espinosa<\/p>\n","protected":false},"excerpt":{"rendered":"<p>Aviso de Cicl\u00f3n Tropical. Centro de Pron\u00f3sticos, INSMET. Fecha: 1ro de Noviembre de 2010 Hora: 6:00 AM. AVISO DE CICLON TROPICAL No 11. TORMENTA TROPICAL TOMAS. &#8230; Tom\u00e1s continua debilit\u00e1ndose&#8230; Durante la madrugada Tom\u00e1s contin\u00fao debilit\u00e1ndose y ahora sus vientos m\u00e1ximos sostenidos son del orden de los 85 kil\u00f3metros por hora, con rachas superiores y [&hellip;]<\/p>\n","protected":false},"author":169,"featured_media":0,"comment_status":"closed","ping_status":"open","sticky":false,"template":"","format":"standard","meta":[],"categories":[68,166,7,11],"tags":[],"_links":{"self":[{"href":"https:\/\/blogs.sld.cu\/behique\/wp-json\/wp\/v2\/posts\/910"}],"collection":[{"href":"https:\/\/blogs.sld.cu\/behique\/wp-json\/wp\/v2\/posts"}],"about":[{"href":"https:\/\/blogs.sld.cu\/behique\/wp-json\/wp\/v2\/types\/post"}],"author":[{"embeddable":true,"href":"https:\/\/blogs.sld.cu\/behique\/wp-json\/wp\/v2\/users\/169"}],"replies":[{"embeddable":true,"href":"https:\/\/blogs.sld.cu\/behique\/wp-json\/wp\/v2\/comments?post=910"}],"version-history":[{"count":0,"href":"https:\/\/blogs.sld.cu\/behique\/wp-json\/wp\/v2\/posts\/910\/revisions"}],"wp:attachment":[{"href":"https:\/\/blogs.sld.cu\/behique\/wp-json\/wp\/v2\/media?parent=910"}],"wp:term":[{"taxonomy":"category","embeddable":true,"href":"https:\/\/blogs.sld.cu\/behique\/wp-json\/wp\/v2\/categories?post=910"},{"taxonomy":"post_tag","embeddable":true,"href":"https:\/\/blogs.sld.cu\/behique\/wp-json\/wp\/v2\/tags?post=910"}],"curies":[{"name":"wp","href":"https:\/\/api.w.org\/{rel}","templated":true}]}}