{"id":967,"date":"2010-11-06T07:14:10","date_gmt":"2010-11-06T11:14:10","guid":{"rendered":"http:\/\/blogviejo.sld.cu\/avisosciclon\/?p=967"},"modified":"2010-11-06T07:14:10","modified_gmt":"2010-11-06T11:14:10","slug":"tormenta-tropical-tomas-aviso-no-31","status":"publish","type":"post","link":"https:\/\/blogs.sld.cu\/behique\/2010\/11\/06\/tormenta-tropical-tomas-aviso-no-31\/","title":{"rendered":"Tormenta tropical Tomas Aviso No. 31"},"content":{"rendered":"<p>Aviso de Cicl\u00f3n Tropical.<br \/>\nCentro de Pron\u00f3sticos, INSMET.<br \/>\nFecha: 6 de Noviembre de 2010 Hora: 6:00 AM.<\/p>\n<p>AVISO DE CICLON TROPICAL No 31.<\/p>\n<p>TORMENTA TROPICAL TOM\u00c1S.<\/p>\n<p>&#8230;Tom\u00e1s se degrada a tormenta tropical&#8230;<\/p>\n<p>Durante la madrugada el hurac\u00e1n Tom\u00e1s perdi\u00f3 en organizaci\u00f3n e intensidad y ahora tiene vientos m\u00e1ximos sostenidos de 110 kil\u00f3metros por hora, con una presi\u00f3n m\u00ednima central de 993 hectoPascal, por lo que es ahora una tormenta tropical. Se desplaza con un rumbo pr\u00f3ximo al Nordeste con una velocidad de traslaci\u00f3n de 24 kil\u00f3metros por hora.<\/p>\n<p>A la seis de la ma\u00f1ana de hoy el centro de la tormenta tropical Tom\u00e1s fue estimado en los 22.2<\/p>\n<p>grados de latitud norte y 70.9 grados de longitud oeste, posici\u00f3n que lo sit\u00faa a unos 85 kil\u00f3metros al Norte nordeste de las islas Turcas y Caicos.<\/p>\n<p>Se pronostica que en las pr\u00f3ximas 24 a 48 horas, este sistema tropical se desplazar\u00e1 con igual rumbo, disminuyendo su velocidad de traslaci\u00f3n y con un debilitamiento gradual.<\/p>\n<p>El pr\u00f3ximo aviso de cicl\u00f3n tropical se emitir\u00e1 a las seis de las tarde de hoy s\u00e1bado.<\/p>\n<p>Y. Berm\u00fadez\u00a0 J. Palacios<\/p>\n","protected":false},"excerpt":{"rendered":"<p>Aviso de Cicl\u00f3n Tropical. Centro de Pron\u00f3sticos, INSMET. Fecha: 6 de Noviembre de 2010 Hora: 6:00 AM. AVISO DE CICLON TROPICAL No 31. TORMENTA TROPICAL TOM\u00c1S. &#8230;Tom\u00e1s se degrada a tormenta tropical&#8230; Durante la madrugada el hurac\u00e1n Tom\u00e1s perdi\u00f3 en organizaci\u00f3n e intensidad y ahora tiene vientos m\u00e1ximos sostenidos de 110 kil\u00f3metros por hora, con [&hellip;]<\/p>\n","protected":false},"author":169,"featured_media":0,"comment_status":"closed","ping_status":"open","sticky":false,"template":"","format":"standard","meta":[],"categories":[166,7,11],"tags":[],"_links":{"self":[{"href":"https:\/\/blogs.sld.cu\/behique\/wp-json\/wp\/v2\/posts\/967"}],"collection":[{"href":"https:\/\/blogs.sld.cu\/behique\/wp-json\/wp\/v2\/posts"}],"about":[{"href":"https:\/\/blogs.sld.cu\/behique\/wp-json\/wp\/v2\/types\/post"}],"author":[{"embeddable":true,"href":"https:\/\/blogs.sld.cu\/behique\/wp-json\/wp\/v2\/users\/169"}],"replies":[{"embeddable":true,"href":"https:\/\/blogs.sld.cu\/behique\/wp-json\/wp\/v2\/comments?post=967"}],"version-history":[{"count":0,"href":"https:\/\/blogs.sld.cu\/behique\/wp-json\/wp\/v2\/posts\/967\/revisions"}],"wp:attachment":[{"href":"https:\/\/blogs.sld.cu\/behique\/wp-json\/wp\/v2\/media?parent=967"}],"wp:term":[{"taxonomy":"category","embeddable":true,"href":"https:\/\/blogs.sld.cu\/behique\/wp-json\/wp\/v2\/categories?post=967"},{"taxonomy":"post_tag","embeddable":true,"href":"https:\/\/blogs.sld.cu\/behique\/wp-json\/wp\/v2\/tags?post=967"}],"curies":[{"name":"wp","href":"https:\/\/api.w.org\/{rel}","templated":true}]}}