{"id":992,"date":"2011-06-30T06:37:36","date_gmt":"2011-06-30T10:37:36","guid":{"rendered":"http:\/\/blogviejo.sld.cu\/avisosciclon\/?p=992"},"modified":"2011-06-30T06:37:36","modified_gmt":"2011-06-30T10:37:36","slug":"tormenta-tropical-arlene-aviso-no-4","status":"publish","type":"post","link":"https:\/\/blogs.sld.cu\/behique\/2011\/06\/30\/tormenta-tropical-arlene-aviso-no-4\/","title":{"rendered":"Tormenta tropical Arlene Aviso No. 4"},"content":{"rendered":"<p>Aviso de Cicl\u00f3n Tropical.<br \/>\nCentro de Pron\u00f3sticos, INSMET.<br \/>\nFecha: 30 de Junio de 2011 Hora: 6: 00 AM.<\/p>\n<p>AVISO DE CICLON TROPICAL No 4.<\/p>\n<p>TORMENTA TROPICAL ARLENE.<\/p>\n<p>&#8230; Arlene pr\u00f3ximo a la costa oriental de M\u00e9xico&#8230;<\/p>\n<p>Durante la madrugada de hoy la Tormenta Tropical Arlene se ha intensificado y ahora sus vientos m\u00e1ximos sostenidos son de 100 kil\u00f3metros por hora, con rachas superiores y su presi\u00f3n central ha descendido a 996 hectoPascal.<\/p>\n<p>A las seis de la ma\u00f1ana el centro de la tormenta tropical fue estimado en los 21.5 grados de latitud norte y los 97.6 grados de longitud oeste, posici\u00f3n que la sit\u00faa a unos 30 kil\u00f3metros al norte de Tuxpan y a unos 84 kil\u00f3metros al sur sudeste de Tampico, ambos en la costa oriental de M\u00e9xico.<\/p>\n<p>Arlene se mueve con rumbo pr\u00f3ximo al oeste a raz\u00f3n de 15 kil\u00f3metros por hora.<\/p>\n<p>Se pronostica para las pr\u00f3ximas 12 a 24 horas que este organismo tropical mantendr\u00e1 similar rumbo, con un debilitamiento gradual a medida que avance sobre tierra y su posterior disipaci\u00f3n el viernes.<\/p>\n<p>Este ser\u00e1 el \u00faltimo aviso de cicl\u00f3n tropical emitido sobre este sistema tropical.<\/p>\n<p>Y. Berm\u00fadez\u00a0 A. J\u00fastiz.<\/p>\n","protected":false},"excerpt":{"rendered":"<p>Aviso de Cicl\u00f3n Tropical. Centro de Pron\u00f3sticos, INSMET. Fecha: 30 de Junio de 2011 Hora: 6: 00 AM. AVISO DE CICLON TROPICAL No 4. TORMENTA TROPICAL ARLENE. &#8230; Arlene pr\u00f3ximo a la costa oriental de M\u00e9xico&#8230; Durante la madrugada de hoy la Tormenta Tropical Arlene se ha intensificado y ahora sus vientos m\u00e1ximos sostenidos son [&hellip;]<\/p>\n","protected":false},"author":169,"featured_media":0,"comment_status":"closed","ping_status":"open","sticky":false,"template":"","format":"standard","meta":[],"categories":[15,90,8],"tags":[],"_links":{"self":[{"href":"https:\/\/blogs.sld.cu\/behique\/wp-json\/wp\/v2\/posts\/992"}],"collection":[{"href":"https:\/\/blogs.sld.cu\/behique\/wp-json\/wp\/v2\/posts"}],"about":[{"href":"https:\/\/blogs.sld.cu\/behique\/wp-json\/wp\/v2\/types\/post"}],"author":[{"embeddable":true,"href":"https:\/\/blogs.sld.cu\/behique\/wp-json\/wp\/v2\/users\/169"}],"replies":[{"embeddable":true,"href":"https:\/\/blogs.sld.cu\/behique\/wp-json\/wp\/v2\/comments?post=992"}],"version-history":[{"count":0,"href":"https:\/\/blogs.sld.cu\/behique\/wp-json\/wp\/v2\/posts\/992\/revisions"}],"wp:attachment":[{"href":"https:\/\/blogs.sld.cu\/behique\/wp-json\/wp\/v2\/media?parent=992"}],"wp:term":[{"taxonomy":"category","embeddable":true,"href":"https:\/\/blogs.sld.cu\/behique\/wp-json\/wp\/v2\/categories?post=992"},{"taxonomy":"post_tag","embeddable":true,"href":"https:\/\/blogs.sld.cu\/behique\/wp-json\/wp\/v2\/tags?post=992"}],"curies":[{"name":"wp","href":"https:\/\/api.w.org\/{rel}","templated":true}]}}