{"id":103,"date":"2009-10-26T18:52:27","date_gmt":"2009-10-26T23:52:27","guid":{"rendered":"http:\/\/blogviejo.sld.cu\/blazo\/?p=103"},"modified":"2009-10-26T18:52:27","modified_gmt":"2009-10-26T23:52:27","slug":"75-congreso-mundial-bibliotecario","status":"publish","type":"post","link":"https:\/\/blogs.sld.cu\/blazo\/2009\/10\/26\/75-congreso-mundial-bibliotecario\/","title":{"rendered":"75 CONGRESO MUNDIAL BIBLIOTECARIO"},"content":{"rendered":"<p>Recientemente la hermosa ciudad italiana de Mil\u00e1n sirvi\u00f3 de sede para la celebraci\u00f3n del 75 Congreso mundial de Bibliotecarios y la Asamblea General de la IFLA. Federaci\u00f3n Mundial de Asociaciones Bibliotecarias.<\/p>\n<p>Como en a\u00f1os anteriores, Cuba estuvo representada en el c\u00f3nclave por una delegaci\u00f3n en la que se incluyeron representantes de diversos organismos especializados en esa esfera.<\/p>\n<p>En esta ocasi\u00f3n, la lista estuvo encabezada por Martha Terry, directora de la Biblioteca del Centro Cultural Dulce Mar\u00eda Loynaz y miembro del Comit\u00e9 de Libre Acceso a la Informaci\u00f3n y Libertad de Expresi\u00f3n de IFLA, y Mar\u00eda Elena Dorta Duque, titular de la Biblioteca del Instituto de Relaciones Internacionales.<\/p>\n<p>Tambi\u00e9n integraron la representaci\u00f3n cubana Ra\u00fal Alejandro Vald\u00e9s Pav\u00f3n del centro de Ingenier\u00eda Gen\u00e9tica y Biotecnolog\u00eda, Mil\u00e9n Pombo, del Centro de Inmunolog\u00eda Molecular, y Mayl\u00edn Fr\u00edas Guzm\u00e1n, de la Universidad Central Martha Abreu, de Villaclara.<\/p>\n<p>Por el Ministerio de Salud P\u00fablica estuvieron presentes Ania Torres Pombert del Centro Nacional de Ensayos Cl\u00ednicos y quien comenta estas l\u00edneas.<\/p>\n<p>En el evento, la parte cubana present\u00f3 el trabajo titulado Alfabetizaci\u00f3n Informacional en la Red Nacional de Ensayos Cl\u00ednicos, y Un Paisaje de Az\u00facar: Recuperaci\u00f3n de archivos fotogr\u00e1ficos personales de una comunidad azucarera.<\/p>\n<p>En la sesi\u00f3n de p\u00f3sters, se expuso uno referido a Documentos Patrimoniales de la UNESCO en el Centro de Documentaci\u00f3n de la Oficina Regional de Cultura Para Am\u00e9rica Latina y el Caribe.<\/p>\n<p>En la inauguraci\u00f3n del evento que sesion\u00f3 en el Centro de Convenciones de Mil\u00e1n, la presidenta de IFLA, Claudia Lux, ofreci\u00f3 una visi\u00f3n general de c\u00f3mo las Bibliotecas sirven para crear futuros, partiendo de la herencia cultural de cada una de las naciones.<\/p>\n<p>Destac\u00f3 la presencia en el foro de delegados de muchas naciones que han permanecido como asiduos asistentes a los Congresos, y se\u00f1al\u00f3 que esa continuidad les permite establecer una red de contactos estables que posibilitan el desarrollo de la actividad y el buen funcionamiento del evento.<\/p>\n<p>Se\u00f1al\u00f3 Claudia Lux que, ante la actual crisis mundial, las Bibliotecas pueden desempe\u00f1ar una importante funci\u00f3n para superar esa crisis, porque ayudan a quienes buscan empleos, forman en el \u00e1rea de la inform\u00e1tica, facilitan a las peque\u00f1as empresas la investigaci\u00f3n acerca de nuevas posibilidades del mercado, y apoyan a la ciencia en su labor por plantear un nuevo enfoque en econom\u00eda ecol\u00f3gica y otras formas del desarrollo.<\/p>\n<p>Al propiciar acceso a los conocimientos, dijo, las Bibliotecas crean posibilidades futuras para las personas y los grupos, aunque es necesario reforzar las actividades en defensa de la profesi\u00f3n para estabilizar su rol en una \u00e9poca de crisis, como la actual, y prepararse para nuevos empe\u00f1os.<\/p>\n<p>Record\u00f3 que su lema presidencial al frente de la IFLA fue Bibliotecas en la Agenda, y \u00e9ste le permiti\u00f3 realizar numerosas actividades en defensa de la profesi\u00f3n en muchos pa\u00edses, porque las Bibliotecas deben estar presentes en el accionar pol\u00edtico de cada pa\u00eds.<\/p>\n<p>Finalmente resalt\u00f3 que las Bibliotecas crean oportunidades, apoyan el desarrollo, y ayudan a resolver problemas cruciales en cualquier esfera de un pa\u00eds.<\/p>\n<p>Durante los d\u00edas del Congreso, la representaci\u00f3n del Ministerio de Salud P\u00fablica particip\u00f3 de forma activa en debates, conferencias, an\u00e1lisis acerca de diversos temas de inter\u00e9s para el trabajo en nuestros centros.<\/p>\n<p>Entre ellos estuvo la sesi\u00f3n de Latinoam\u00e9rica y El Caribe sobre conservaci\u00f3n y preservaci\u00f3n de la herencia cultural en la regi\u00f3n, donde los principales temas abordados fueron La Biblioteca Oral, Patrones de interoperabilidad en el acceso y conservaci\u00f3n del patrimonio documental y las experiencias aportadas por las diferentes naciones.<\/p>\n<p>Tambi\u00e9n se particip\u00f3 de manea directa en la secci\u00f3n de Propiedad Intelectual, en la que los delegados al foro expusieron las principales experiencias obtenidas en el tema de la digitalizaci\u00f3n y propiedad intelectual que deben enfrentar las Bibliotecas.<\/p>\n<p>Otra actividad en la que tuvimos activa participaci\u00f3n fue la sesi\u00f3n de libre acceso a la informaci\u00f3n y libertad de expresi\u00f3n vinculada a los temas de la \u00e9tica en las bibliotecas y el acceso libre a la informaci\u00f3n.<\/p>\n<p>Hay que se\u00f1alar que en esos debates se presentaron diversos casos en los que se pusieron de manifiesto c\u00f3mo son manejados esos temas en los distintos pa\u00edses, entre ellas las posiciones de los productores de informaci\u00f3n, los pol\u00edticos y los bibliotecarios, y se enfatizo en el papel de \u00e9stos \u00faltimos, que deben luchar porque se tenga un adecuado acceso a la informaci\u00f3n, sin que se afecten cuestiones de \u00edndole \u00e9ticas.<\/p>\n<p>En \u00e9ste sentido, como representante de la Biblioteca M\u00e9dica Nacional de Cuba expuse la necesidad de que se proteja al usuario de Internet, y manifest\u00e9 que a los cubanos, cuando se identifican sus IP, se les niega desde otras partes del mundo el acceso a la informaci\u00f3n por las medidas impuestas por quienes controlan los principales espacios cibern\u00e9ticos.<\/p>\n<p>En ese tema se puso el ejemplo de los repositorios de software de c\u00f3digo abierto que est\u00e1n disponibles en Google, que a los cubanos se les impide bajarlos por restricciones impuestas por esas entidades que dominan, lo que frena el desarrollo de sistemas automatizados para nuestras bibliotecas.<\/p>\n<p>En ese sentido, Stuart Hamilton, uno de los integrantes del panel que dirigi\u00f3 esa sesi\u00f3n reconoci\u00f3 que eso ocurr\u00eda en Cuba como consecuencia de las medidas del bloqueo impuesto por Estados Unidos a nuestro pa\u00eds y algunos colegas all\u00ed presentes se ofrecieron para intercambios en ese sentido.<\/p>\n<p>Tambi\u00e9n se particip\u00f3 en los debates acerca de la Campa\u00f1a por las Bibliotecas del mundo(1), denominada En @(Tu) Biblioteca, dirigida por Michael Dowling, patrocinada por el Congreso y Asamblea General de la IFLA y la Asociaci\u00f3n de Bibliotecas de Estados Unidos.<\/p>\n<p>Esta campa\u00f1a est\u00e1 enfocada en la importancia de los bibliotecarios del siglo XXI y pretende promover entre ellos la necesidad de aumentar la promoci\u00f3n sobre la variedad de conocimientos y servicios ofrecidos por las bibliotecas.<\/p>\n<p>Tambi\u00e9n pretende aumentar el uso de esos centros en escuelas, universidades, centros de trabajo y en la vida diaria de las comunidades, aumentar el financiamiento para las Bibliotecas y atraer a los profesionales del sector para el debate de temas como la libertad intelectual, equidad al acceso y divisi\u00f3n digital, as\u00ed como promover la profesi\u00f3n del bibliotecario.<\/p>\n<p>En representaci\u00f3n de la Biblioteca M\u00e9dica Nacional de Cuba estuve tambi\u00e9n en la sesi\u00f3n de UNIMARC en la que se expuso el manual del formato de autoridades y en las jornadas de trabajo y reuniones de la secci\u00f3n de Bibliotecas de Salud y Biociencias donde se presentaron las l\u00edneas generales en ese sector.<\/p>\n<p>All\u00ed se intercambiaron valiosas experiencias relacionadas con los lineamientos que deben tener las bibliotecas para brindar acceso a la informaci\u00f3n especializada, no s\u00f3lo a profesionales del sector, sino tambi\u00e9n a los pacientes y a otros interesados.<\/p>\n<p>Otros segmentos del evento en los que tuvo amplia participaci\u00f3n cubana fueron los an\u00e1lisis de la Asamblea General y como representante del Centro Nacional de Informaci\u00f3n de Ciencias Medicas particip\u00e9 en las votaciones para la aprobaci\u00f3n de modificaciones a los estatutos de la IFLA.<\/p>\n<p>Hay que destacar que en este Congreso, a diferencia de los anteriores, NO hubo marcado inter\u00e9s por atacar a Cuba y al proceso revolucionario cubano, ni a las instituciones de nuestro pa\u00eds.<\/p>\n<p>Tampoco hubo cuestionamientos expl\u00edcitos sobre la actividad bibliotecaria en Cuba, ni se intento introducir provocaciones, con el tema de las denominadas bibliotecas independientes, que en otros eventos fue siempre un aspecto recurrente para desestabilizar a la representaci\u00f3n cubana, y que en todo momento ha tenido una solida respuesta.<\/p>\n<p>Al concluir el evento se inform\u00f3 que el Congreso del Pr\u00f3ximo a\u00f1o que estaba previsto para Australia, ser\u00e1 en la ciudad sueca de Gotemburgo por la situaci\u00f3n econ\u00f3mica que afecta al mundo y la lejan\u00eda que representaba el territorio australiano para casi la totalidad de los participantes.<\/p>\n<p>Se inform\u00f3 tambi\u00e9n que la sede del a\u00f1o 2011 ser\u00e1 San Juan, la capital de Puerto Rico, y la del 2012, se realizar\u00e1 en Finlandia.<\/p>\n<p>Aparte de las actividades programadas por el Congreso, el evento fue muy fruct\u00edfero para la delegaci\u00f3n cubana en lo referido al intercambio personal con colegas y especialistas de diversas partes del mundo, a quienes pudimos exponer nuestras realidades y resultados en el trabajo y de los que tambi\u00e9n aprendimos muchas cosas que pueden ser aplicables en nuestra labor. En la feria expositiva pudimos contactar a productores de equipos y mobiliarios para bibliotecas, entre otros.<\/p>\n<p>Podemos expresar que de las experiencias derivadas de la participaci\u00f3n en este Congreso, los aspectos que mas interesan resaltar son:<\/p>\n<ul>\n<li> Sensibilizar al m\u00e1ximo a todos los involucrados acerca de la necesidad que se encamine en el Sistema Nacional de Informaci\u00f3n de Salud, liderado por el Centro Nacional de Informaci\u00f3n de Ciencias M\u00e9dicas, una pol\u00edtica enfocada a la concientizaci\u00f3n de autores, bibliotecarios y autoridades del Ministerio de Salud Publica, de la urgencia de conservar y preservar el patrimonio documental cient\u00edfico en las bibliotecas, amenazado por la desatenci\u00f3n.<\/li>\n<li> Registrarnos como miembros del f\u00f3rum del Caucus Hisp\u00e1nico de la IFLA, para promover aun m\u00e1s el intercambio de experiencias entre los bibliotecarios que hablan el espa\u00f1ol.<\/li>\n<li> Contactar al ejecutivo de la Asociaci\u00f3n cubana de bibliotecarios para ver como se encauzara en Cuba la campa\u00f1a en @ biblioteca.<\/li>\n<li> Promover entre las instituciones bibliotecarias del pa\u00eds el ingreso a la IFLA.<\/li>\n<li> Organizar servicios en nuestras bibliotecas que faciliten el acceso a informaci\u00f3n promocional sobre salud, para pacientes y familiares que lo necesiten, o con el \u00e1nimo de prevenir enfermedades.<\/li>\n<\/ul>\n<p>Referencias bibliograficas.<\/p>\n<ol>\n<li>IFLA [Internet].\u00a0 Netherlands:\u00a0 IFLA; c2009 [actualizado 6 abr 2009; citado 10 dic 2009]. About the Campaign for the World&#8217;s Libraries;\u00a0 [aprox.\u00a0 7 pantallas].\u00a0 Disponible en: http:\/\/www.ifla.org\/en\/about-the-campaign-for-the-worlds-libraries.<\/li>\n<\/ol>\n","protected":false},"excerpt":{"rendered":"<p>Recientemente la hermosa ciudad italiana de Mil\u00e1n sirvi\u00f3 de sede para la celebraci\u00f3n del 75 Congreso mundial de Bibliotecarios y la Asamblea General de la IFLA. Federaci\u00f3n Mundial de Asociaciones Bibliotecarias. Como en a\u00f1os anteriores, Cuba estuvo representada en el c\u00f3nclave por una delegaci\u00f3n en la que se incluyeron representantes de diversos organismos especializados en [&hellip;]<\/p>\n","protected":false},"author":175,"featured_media":0,"comment_status":"open","ping_status":"open","sticky":false,"template":"","format":"standard","meta":[],"categories":[6,8,10],"tags":[],"_links":{"self":[{"href":"https:\/\/blogs.sld.cu\/blazo\/wp-json\/wp\/v2\/posts\/103"}],"collection":[{"href":"https:\/\/blogs.sld.cu\/blazo\/wp-json\/wp\/v2\/posts"}],"about":[{"href":"https:\/\/blogs.sld.cu\/blazo\/wp-json\/wp\/v2\/types\/post"}],"author":[{"embeddable":true,"href":"https:\/\/blogs.sld.cu\/blazo\/wp-json\/wp\/v2\/users\/175"}],"replies":[{"embeddable":true,"href":"https:\/\/blogs.sld.cu\/blazo\/wp-json\/wp\/v2\/comments?post=103"}],"version-history":[{"count":0,"href":"https:\/\/blogs.sld.cu\/blazo\/wp-json\/wp\/v2\/posts\/103\/revisions"}],"wp:attachment":[{"href":"https:\/\/blogs.sld.cu\/blazo\/wp-json\/wp\/v2\/media?parent=103"}],"wp:term":[{"taxonomy":"category","embeddable":true,"href":"https:\/\/blogs.sld.cu\/blazo\/wp-json\/wp\/v2\/categories?post=103"},{"taxonomy":"post_tag","embeddable":true,"href":"https:\/\/blogs.sld.cu\/blazo\/wp-json\/wp\/v2\/tags?post=103"}],"curies":[{"name":"wp","href":"https:\/\/api.w.org\/{rel}","templated":true}]}}