{"id":13,"date":"2007-10-16T22:41:21","date_gmt":"2007-10-17T03:41:21","guid":{"rendered":"http:\/\/blogviejo.sld.cu\/blazo\/2007\/10\/16\/felicidades\/"},"modified":"2007-10-16T22:41:21","modified_gmt":"2007-10-17T03:41:21","slug":"felicidades","status":"publish","type":"post","link":"https:\/\/blogs.sld.cu\/blazo\/2007\/10\/16\/felicidades\/","title":{"rendered":"Felicidades"},"content":{"rendered":"<p> <a href=\"http:\/\/blogviejo.sld.cu\/blazo\/2007\/10\/16\/felicidades\/dsc00162jpg\/\" rel=\"attachment\" title=\"urra\"><img src=\"http:\/\/blogviejo.sld.cu\/blazo\/files\/2007\/10\/dsc00162.thumbnail.JPG\" alt=\"dsc00162.JPG\" \/><\/a>  Hay momentos en que los jefes dejan de ser jefes y tienen que ser vistos como lo que son. Como nuestros semejantes, nuestros compa\u00f1eros, nuestros amigos y \u00bfPor qu\u00e9 no? muchas veces como nuestra propia familia.<\/p>\n<p>Y no es que ser jefes les prive de esas otras posibilidades, sino que en el quehacer diario, en ocasiones no tenemos, o nos justificamos diciendo que no tenemos tiempo por encima de los nexos l\u00f3gicos del trabajo, para expresarles esos otros sentimientos.<\/p>\n<p>Y precisamente hoy es uno de esos momentos en que queremos deslindar la frontera, y dejar a un lado, moment\u00e1neamente, al jefe, para referirnos, al compa\u00f1ero, al amigo, al familiar querido.<\/p>\n<p>Que nadie piense en lisonja pueril o aduloneria vulgar, nada de eso.<\/p>\n<p>Hoy nuestro compa\u00f1ero, amigo y querido familiar, Pedro Urra, cumple a\u00f1os. No importa cu\u00e1ntos, los necesarios para tener un aval de trabajo, una trayectoria revolucionaria, un humilde y dedicado quehacer como padre, hijo, esposo, amigo y compa\u00f1ero y tambi\u00e9n como jefe.<\/p>\n<p>En esta ocasi\u00f3n no le vamos a consultar, no vamos a pedir su opini\u00f3n sobre estas l\u00edneas, y no es insubordinaci\u00f3n, es que sabemos que no aceptaria que dediquemos este espacio a habla de \u00e9l.<\/p>\n<p>Por esta vez, que nos disculpe, pero es nuestro deseo que cumpla muchos a\u00f1os m\u00e1s, que siga con su vitalidad y entrega al trabajo, que siga siendo el buen amigo, el buen compa\u00f1ero, el buen familiar, y claro est\u00e1 el buen jefe.<\/p>\n<p>Muchas felicidades<\/p>\n","protected":false},"excerpt":{"rendered":"<p>Hay momentos en que los jefes dejan de ser jefes y tienen que ser vistos como lo que son. Como nuestros semejantes, nuestros compa\u00f1eros, nuestros amigos y \u00bfPor qu\u00e9 no? muchas veces como nuestra propia familia. Y no es que ser jefes les prive de esas otras posibilidades, sino que en el quehacer diario, en [&hellip;]<\/p>\n","protected":false},"author":175,"featured_media":0,"comment_status":"open","ping_status":"open","sticky":false,"template":"","format":"standard","meta":[],"categories":[8],"tags":[],"_links":{"self":[{"href":"https:\/\/blogs.sld.cu\/blazo\/wp-json\/wp\/v2\/posts\/13"}],"collection":[{"href":"https:\/\/blogs.sld.cu\/blazo\/wp-json\/wp\/v2\/posts"}],"about":[{"href":"https:\/\/blogs.sld.cu\/blazo\/wp-json\/wp\/v2\/types\/post"}],"author":[{"embeddable":true,"href":"https:\/\/blogs.sld.cu\/blazo\/wp-json\/wp\/v2\/users\/175"}],"replies":[{"embeddable":true,"href":"https:\/\/blogs.sld.cu\/blazo\/wp-json\/wp\/v2\/comments?post=13"}],"version-history":[{"count":0,"href":"https:\/\/blogs.sld.cu\/blazo\/wp-json\/wp\/v2\/posts\/13\/revisions"}],"wp:attachment":[{"href":"https:\/\/blogs.sld.cu\/blazo\/wp-json\/wp\/v2\/media?parent=13"}],"wp:term":[{"taxonomy":"category","embeddable":true,"href":"https:\/\/blogs.sld.cu\/blazo\/wp-json\/wp\/v2\/categories?post=13"},{"taxonomy":"post_tag","embeddable":true,"href":"https:\/\/blogs.sld.cu\/blazo\/wp-json\/wp\/v2\/tags?post=13"}],"curies":[{"name":"wp","href":"https:\/\/api.w.org\/{rel}","templated":true}]}}