{"id":246,"date":"2015-05-01T22:05:15","date_gmt":"2015-05-01T22:05:15","guid":{"rendered":"http:\/\/blogs.sld.cu\/blazo\/?p=246"},"modified":"2015-05-01T22:15:08","modified_gmt":"2015-05-01T22:15:08","slug":"activando-nuestro-blog","status":"publish","type":"post","link":"https:\/\/blogs.sld.cu\/blazo\/2015\/05\/01\/activando-nuestro-blog\/","title":{"rendered":"Activando nuestro blog"},"content":{"rendered":"<p>&nbsp;<\/p>\n<p style=\"text-align: justify\"><span style=\"font-size: 10.0pt;font-family: 'Arial','sans-serif'\"><a href=\"http:\/\/blogs.sld.cu\/blazo\/files\/2015\/05\/Foto-baby-carne.jpg\"><img loading=\"lazy\" class=\"wp-image-249 alignleft\" src=\"http:\/\/blogs.sld.cu\/blazo\/files\/2015\/05\/Foto-baby-carne-150x150.jpg\" alt=\"B\u00e1rbara Caridad Lazo Rodr\u00edguez\" width=\"55\" height=\"55\" \/><\/a><\/span><\/p>\n<p style=\"text-align: justify\"><span style=\"font-size: 10.0pt;font-family: 'Arial','sans-serif'\">\u00a0 <\/span><\/p>\n<p style=\"text-align: justify\"><span style=\"font-size: 10.0pt;font-family: 'Arial','sans-serif'\">\u00a0 Estimados Colegas<\/span><\/p>\n<p style=\"text-align: justify\"><span style=\"font-size: 10.0pt;font-family: 'Arial','sans-serif'\">Despu\u00e9s de algunos a\u00f1os de silencio, hemos tenido nuevamente la posibilidad de reactivar nuestro blog, continuar\u00e9 transmitiendo por el mismo mis experiencias profesionales, para que en alguna medida se conviertan en historia y sea parte de mi legado a futuras generaciones de amantes de las bibliotecas&#8230;<\/span><\/p>\n<p style=\"text-align: justify\"><span style=\"font-size: 10.0pt;font-family: 'Arial','sans-serif'\">Espero poder contar como siempre con ustedes que aman las bibliotecas y todo lo bello que encierra nuestra profesi\u00f3n!!!<\/span><\/p>\n","protected":false},"excerpt":{"rendered":"<p>&nbsp; \u00a0 \u00a0 Estimados Colegas Despu\u00e9s de algunos a\u00f1os de silencio, hemos tenido nuevamente la posibilidad de reactivar nuestro blog, continuar\u00e9 transmitiendo por el mismo mis experiencias profesionales, para que en alguna medida se conviertan en historia y sea parte de mi legado a futuras generaciones de amantes de las bibliotecas&#8230; Espero poder contar como [&hellip;]<\/p>\n","protected":false},"author":175,"featured_media":0,"comment_status":"open","ping_status":"open","sticky":false,"template":"","format":"standard","meta":[],"categories":[8,9],"tags":[],"_links":{"self":[{"href":"https:\/\/blogs.sld.cu\/blazo\/wp-json\/wp\/v2\/posts\/246"}],"collection":[{"href":"https:\/\/blogs.sld.cu\/blazo\/wp-json\/wp\/v2\/posts"}],"about":[{"href":"https:\/\/blogs.sld.cu\/blazo\/wp-json\/wp\/v2\/types\/post"}],"author":[{"embeddable":true,"href":"https:\/\/blogs.sld.cu\/blazo\/wp-json\/wp\/v2\/users\/175"}],"replies":[{"embeddable":true,"href":"https:\/\/blogs.sld.cu\/blazo\/wp-json\/wp\/v2\/comments?post=246"}],"version-history":[{"count":7,"href":"https:\/\/blogs.sld.cu\/blazo\/wp-json\/wp\/v2\/posts\/246\/revisions"}],"predecessor-version":[{"id":252,"href":"https:\/\/blogs.sld.cu\/blazo\/wp-json\/wp\/v2\/posts\/246\/revisions\/252"}],"wp:attachment":[{"href":"https:\/\/blogs.sld.cu\/blazo\/wp-json\/wp\/v2\/media?parent=246"}],"wp:term":[{"taxonomy":"category","embeddable":true,"href":"https:\/\/blogs.sld.cu\/blazo\/wp-json\/wp\/v2\/categories?post=246"},{"taxonomy":"post_tag","embeddable":true,"href":"https:\/\/blogs.sld.cu\/blazo\/wp-json\/wp\/v2\/tags?post=246"}],"curies":[{"name":"wp","href":"https:\/\/api.w.org\/{rel}","templated":true}]}}