{"id":69,"date":"2007-06-07T11:57:10","date_gmt":"2007-06-07T16:57:10","guid":{"rendered":"http:\/\/blogviejo.sld.cu\/blazo\/2007\/06\/07\/dia-del-bibliotecario-cubano\/"},"modified":"2007-06-07T11:57:10","modified_gmt":"2007-06-07T16:57:10","slug":"dia-del-bibliotecario-cubano","status":"publish","type":"post","link":"https:\/\/blogs.sld.cu\/blazo\/2007\/06\/07\/dia-del-bibliotecario-cubano\/","title":{"rendered":"D\u00eda del bibliotecario cubano"},"content":{"rendered":"<p class=\"MsoNormal\"><span>El siete de junio es un d\u00eda significativo para todos los bibliotecarios cubanos. En esa fecha, en el a\u00f1o 1812 naci\u00f3 en La Habana Antonio Bachiller y Morales, quien es reconocido en nuestro pa\u00eds como el Padre de la Bibliograf\u00eda Cubana.<\/span><\/p>\n<p class=\"MsoNormal\"><span><span><\/span>En esta fecha se rinde homenaje a las mujeres y<span> <\/span>hombres que d\u00eda<span> <\/span>tras d\u00eda se entregan en nuestra Patria a esa hermosa labor que significa poner en manos de los dem\u00e1s toda la sabidur\u00eda, inteligencia, cultura y quehacer de la especie humana a lo largo de la historia.<\/span><\/p>\n<p class=\"MsoNormal\"><span><span><\/span>Hermosa labor \u00e9sta que consiste en viabilizar, orientar y facilitar la adquisici\u00f3n de conocimientos a todo el que lo necesite, y que s\u00f3lo se logra verdaderamente, cuando en ella se pone amor, entrega, dedicaci\u00f3n y profesionalidad.<\/span><\/p>\n<p class=\"MsoNormal\"><span><span><\/span>En un d\u00eda tan importante, felicitamos a todas las bibliotecarias y bibliotecarios que con su quehacer cotidiano, posibilitan que la historia de nuestra Patria, la obra de la Revoluci\u00f3n y el desarrollo integral de nuestro pueblo, est\u00e9n siempre al alcance de todos los que quieran documentarse en torno al conocimiento.<\/span><\/p>\n<p class=\"MsoNormal\"><span><span><\/span>Especialmente llegue este saludo a los trabajadores del Sistema Nacional de Informaci\u00f3n de Salud que contribuyen a impulsar de manera decidida las importantes tareas que asume la Revoluci\u00f3n, como parte importante de la Batalla de Ideas que libra nuestro pueblo.<\/span><\/p>\n<p class=\"MsoNormal\"><span><span><\/span>Para todos, muchas felicidades, y el compromiso de ser cada d\u00eda mejores.<span> <\/span><\/span><\/p>\n<p class=\"MsoNormal\"><span><\/span><\/p>\n","protected":false},"excerpt":{"rendered":"<p>El siete de junio es un d\u00eda significativo para todos los bibliotecarios cubanos. En esa fecha, en el a\u00f1o 1812 naci\u00f3 en La Habana Antonio Bachiller y Morales, quien es reconocido en nuestro pa\u00eds como el Padre de la Bibliograf\u00eda Cubana. En esta fecha se rinde homenaje a las mujeres y hombres que d\u00eda tras [&hellip;]<\/p>\n","protected":false},"author":175,"featured_media":0,"comment_status":"open","ping_status":"open","sticky":false,"template":"","format":"standard","meta":[],"categories":[8,13],"tags":[],"_links":{"self":[{"href":"https:\/\/blogs.sld.cu\/blazo\/wp-json\/wp\/v2\/posts\/69"}],"collection":[{"href":"https:\/\/blogs.sld.cu\/blazo\/wp-json\/wp\/v2\/posts"}],"about":[{"href":"https:\/\/blogs.sld.cu\/blazo\/wp-json\/wp\/v2\/types\/post"}],"author":[{"embeddable":true,"href":"https:\/\/blogs.sld.cu\/blazo\/wp-json\/wp\/v2\/users\/175"}],"replies":[{"embeddable":true,"href":"https:\/\/blogs.sld.cu\/blazo\/wp-json\/wp\/v2\/comments?post=69"}],"version-history":[{"count":0,"href":"https:\/\/blogs.sld.cu\/blazo\/wp-json\/wp\/v2\/posts\/69\/revisions"}],"wp:attachment":[{"href":"https:\/\/blogs.sld.cu\/blazo\/wp-json\/wp\/v2\/media?parent=69"}],"wp:term":[{"taxonomy":"category","embeddable":true,"href":"https:\/\/blogs.sld.cu\/blazo\/wp-json\/wp\/v2\/categories?post=69"},{"taxonomy":"post_tag","embeddable":true,"href":"https:\/\/blogs.sld.cu\/blazo\/wp-json\/wp\/v2\/tags?post=69"}],"curies":[{"name":"wp","href":"https:\/\/api.w.org\/{rel}","templated":true}]}}