{"id":71,"date":"2007-09-27T23:09:32","date_gmt":"2007-09-28T04:09:32","guid":{"rendered":"http:\/\/blogviejo.sld.cu\/blazo\/2007\/09\/27\/durban-en-congreso\/"},"modified":"2007-09-27T23:09:32","modified_gmt":"2007-09-28T04:09:32","slug":"durban-en-congreso","status":"publish","type":"post","link":"https:\/\/blogs.sld.cu\/blazo\/2007\/09\/27\/durban-en-congreso\/","title":{"rendered":"Cuba en el Congreso de Durban."},"content":{"rendered":"<p><span>La ciudad sudafricana de Durban, sirvi\u00f3 hace algunas semanas de escenario para la realizaci\u00f3n del 73 Congreso Mundial de Bibliotecas e Informaci\u00f3n.<\/span><span><span>  <\/span>La representaci\u00f3n de Cuba a ese importante evento estuvo integrada por Marta Terry Gonz\u00e1lez Coordinadora del Comit\u00e9 Cuba\/IFLA y miembro del Comit\u00e9 de Libre Acceso a la Informaci\u00f3n y Libertad de Expresi\u00f3n (FAIFE) de IFLA, Maria Elena Dorta Duque secretaria del Comit\u00e9 Cuba\/IFLA, Yraida Rodr\u00edguez Luis del Centro Latinoamericano de Medicina de Desastres (CLAMED) y B\u00e1rbara Lazo Rodr\u00edguez, coordinadora de las Bibliotecas de Salud <span> <\/span>ante el Comit\u00e9 Cuba\/IFLA. <\/span><span><span>  <\/span><\/span><\/p>\n<p><span><span> <\/span>Durante el desarrollo de la cita, la delegaci\u00f3n cubana tuvo la responsabilidad de defender once posters y dos ponencias que fueron reflejo importante del movimiento bibliotecario en nuestro pa\u00eds. <\/span><span><span> <\/span><\/span><\/p>\n<p><span><span> <\/span>Hay que destacar que esta ha sido la ocasi\u00f3n en que Cuba ha estado presente en el evento con una mayor cantidad de trabajos en representaci\u00f3n de las bibliotecas de salud, entre ellos dos posters y una ponencia. <\/span><span><span>  <\/span><\/span><\/p>\n<p><span><span> <\/span>El hecho de que el Centro Nacional de Informaci\u00f3n<span>  <\/span>de Ciencias M\u00e9dicas haya quedado registrado como miembro institucional de IFLA en agosto de 2006, represent\u00f3 un elemento de<span>  <\/span>vital importancia para la ampliaci\u00f3n del papel de nuestra instituci\u00f3n en esa entidad.<\/span><span><span>  <\/span><\/span><\/p>\n<p><span>Como primer aspecto hay que se\u00f1alar que eso nos posibilit\u00f3 asistir a las reuniones sat\u00e9lites y de coordinaci\u00f3n de las secciones de las bibliotecas de salud y biociencias, tecnolog\u00edas de la informaci\u00f3n y a la divisi\u00f3n de actividades regionales de Latinoam\u00e9rica y del Caribe. <\/span><\/p>\n<p><span> Tambi\u00e9n<span> <\/span>nos<span>  <\/span>brinda el derecho de tener voz y voto en reuniones, intercambiar de manera directa con profesionales especializados en nuestra rama. Y amplia nuestras posibilidades de transmitir las experiencias del Sistema Nacional de Informaci\u00f3n de Salud cubano, a trav\u00e9s de la publicaci\u00f3n de los Newletter de estas secciones.<\/span><\/p>\n<p>Durante la celebraci\u00f3n del congreso la que suscribe esta informaci\u00f3n fue nombrada miembro correspondiente de la divisi\u00f3n de Am\u00e9rica Latina y El Caribe de IFLA.<\/p>\n<p><span><span> <\/span>En<span>  <\/span>el Congreso se pudo constatar c\u00f3mo las bibliotecas p\u00fablicas en el mundo, desempe\u00f1an un papel de liderazgo en relaci\u00f3n al trabajo comunitario asociado a la salud, y hubo <span> <\/span>sesiones completas dedicadas a la intervenci\u00f3n de<span>  <\/span>bibliotecarios y bibliotecarias en temas dirigidos a la mejora de la salud de la poblaci\u00f3n. <\/span><span><span>  <\/span><\/span><\/p>\n<p><span><span> <\/span>Hay que se\u00f1alar que en <span> <\/span>ausencia de Zaida Montells Mendoza, autora de la ponencia \u201cBiblioterap\u00eda. experiencias de la sala infantil de la Biblioteca Provincial Julio Antonio Mella, de Camaguey\u201d, la autora de esta nota informativa tuvo <span> <\/span>la misi\u00f3n de defender ese <span>  <\/span>trabajo en el que se refleja una labor de cinco a\u00f1os, que surge a petici\u00f3n de la Dra. Matilde del Pino del Hospital Pedi\u00e1trico Provincial y se desarroll\u00f3 con ni\u00f1os que presentaban problemas emocionales y de conducta, con resultados alentadores.<\/span><\/p>\n<p><span><span>   <\/span><\/span><span><span> <\/span>Las bibliotecas m\u00e9dicas cubanas han sido beneficiadas en su gran mayor\u00eda con la introducci\u00f3n de tecnolog\u00edas de telecomunicaciones, algo que las distingue en nuestro pa\u00eds.<\/span><span><span> <\/span><span> <\/span><\/span><span><span> <\/span>A pesar de eso, a\u00fan tenemos mucho que aprender del movimiento bibliotecario del sistema de cultura, abanderado en el trabajo con la comunidad.<\/span><span><span>  <\/span><\/span><span><span> <\/span><\/span><\/p>\n<p><span> La biblioterapia ha sido una pr\u00e1ctica de los bibliotecarios de hospitales a lo largo de siglos, y actualmente habr\u00eda que preguntarse<span>  <\/span>\u00bfPor qu\u00e9 no est\u00e1n las bibliotecas de salud en Cuba inmersas en su totalidad en esos trabajos?<\/span><\/p>\n<p><span> <\/span><span>La biblioterapia demuestra la funci\u00f3n social del bibliotecario en la comunidad, <span> <\/span>pues contribuye a mejorar la calidad de vida de los ni\u00f1os, como en este caso, donde se vincula biblioteca \u2013 hospital \u2013 familia \u2013 escuela. <\/span><span><span>  <\/span><\/span><\/p>\n<p><span><span> <\/span>Este debe ser un tema de reflexi\u00f3n para todos los que amamos nuestra profesi\u00f3n. Las bibliotecas m\u00e9dicas cubanas deben ser paradigma en la mejora de la salud de la poblaci\u00f3n porque<span>  <\/span>esa es precisamente su principal misi\u00f3n.<\/span><span><span>  <\/span><\/span><\/p>\n<p><span> Las integrantes de la delegaci\u00f3n cubana que nos represent\u00f3 en el Congreso en Durban, tienen ahora la responsabilidad de<span>  <\/span>trasmitir en sus radios de acci\u00f3n las experiencias all\u00ed obtenidas, y de aplicar en toda su intensidad los elementos necesarios para que nuestras bibliotecas sean siempre abanderadas de las t\u00e9cnicas y m\u00e9todos m\u00e1s avanzados.<\/span><\/p>\n<p align=\"center\"><a href=\"http:\/\/blogviejo.sld.cu\/blazo\/2007\/09\/27\/durban-en-congreso\/pict1105jpg\/\" rel=\"attachment\" id=\"9\"><img src=\"http:\/\/blogviejo.sld.cu\/blazo\/files\/2007\/09\/pict1105.thumbnail.JPG\" alt=\"pict1105.JPG\" \/><\/a>   <a href=\"http:\/\/blogviejo.sld.cu\/blazo\/2007\/09\/27\/durban-en-congreso\/pict1098jpg\/\" rel=\"attachment\" id=\"8\"><img src=\"http:\/\/blogviejo.sld.cu\/blazo\/files\/2007\/09\/pict1098.thumbnail.JPG\" alt=\"pict1098.JPG\" \/>    <\/a><span><\/span> <a href=\"http:\/\/blogviejo.sld.cu\/blazo\/2007\/09\/27\/durban-en-congreso\/pict1084jpg\/\" rel=\"attachment\" id=\"7\"><img src=\"http:\/\/blogviejo.sld.cu\/blazo\/files\/2007\/09\/pict1084.thumbnail.JPG\" alt=\"pict1084.JPG\" \/> <\/a><a href=\"http:\/\/blogviejo.sld.cu\/blazo\/2007\/09\/27\/durban-en-congreso\/pict1072jpg\/\" rel=\"attachment\" id=\"6\"><img src=\"http:\/\/blogviejo.sld.cu\/blazo\/files\/2007\/09\/pict1072.thumbnail.JPG\" alt=\"pict1072.JPG\" \/><\/a><\/p>\n","protected":false},"excerpt":{"rendered":"<p>La ciudad sudafricana de Durban, sirvi\u00f3 hace algunas semanas de escenario para la realizaci\u00f3n del 73 Congreso Mundial de Bibliotecas e Informaci\u00f3n. La representaci\u00f3n de Cuba a ese importante evento estuvo integrada por Marta Terry Gonz\u00e1lez Coordinadora del Comit\u00e9 Cuba\/IFLA y miembro del Comit\u00e9 de Libre Acceso a la Informaci\u00f3n y Libertad de Expresi\u00f3n (FAIFE) [&hellip;]<\/p>\n","protected":false},"author":175,"featured_media":0,"comment_status":"open","ping_status":"open","sticky":false,"template":"","format":"standard","meta":[],"categories":[10],"tags":[],"_links":{"self":[{"href":"https:\/\/blogs.sld.cu\/blazo\/wp-json\/wp\/v2\/posts\/71"}],"collection":[{"href":"https:\/\/blogs.sld.cu\/blazo\/wp-json\/wp\/v2\/posts"}],"about":[{"href":"https:\/\/blogs.sld.cu\/blazo\/wp-json\/wp\/v2\/types\/post"}],"author":[{"embeddable":true,"href":"https:\/\/blogs.sld.cu\/blazo\/wp-json\/wp\/v2\/users\/175"}],"replies":[{"embeddable":true,"href":"https:\/\/blogs.sld.cu\/blazo\/wp-json\/wp\/v2\/comments?post=71"}],"version-history":[{"count":0,"href":"https:\/\/blogs.sld.cu\/blazo\/wp-json\/wp\/v2\/posts\/71\/revisions"}],"wp:attachment":[{"href":"https:\/\/blogs.sld.cu\/blazo\/wp-json\/wp\/v2\/media?parent=71"}],"wp:term":[{"taxonomy":"category","embeddable":true,"href":"https:\/\/blogs.sld.cu\/blazo\/wp-json\/wp\/v2\/categories?post=71"},{"taxonomy":"post_tag","embeddable":true,"href":"https:\/\/blogs.sld.cu\/blazo\/wp-json\/wp\/v2\/tags?post=71"}],"curies":[{"name":"wp","href":"https:\/\/api.w.org\/{rel}","templated":true}]}}