{"id":487,"date":"2013-05-27T12:34:00","date_gmt":"2013-05-27T12:34:00","guid":{"rendered":"http:\/\/cibernetica.wordpress.com\/?p=487"},"modified":"2013-05-27T12:34:00","modified_gmt":"2013-05-27T12:34:00","slug":"la-inteligencia-artificial-en-google-que-va-a-hacer-kurzweil","status":"publish","type":"post","link":"https:\/\/blogs.sld.cu\/cibernetica\/2013\/05\/27\/la-inteligencia-artificial-en-google-que-va-a-hacer-kurzweil\/","title":{"rendered":"La inteligencia artificial en Google: \u00bfQu\u00e9 va a hacer Kurzweil?"},"content":{"rendered":"<p class=\"MsoNormal\" style=\"text-align:justify\"><span lang=\"ES-CO\" style=\"font-size:11pt;font-family:'Arial', 'sans-serif'\">Aunque Google ha estado reacio a utilizar la palabra Web sem\u00e1ntica (de esto hablaremos en otro art\u00edculo) todo indica que la tarea principal de Kurzweil ser\u00e1 incorporase a esa l\u00ednea, no s\u00e9 qu\u00e9 tiene que ver la Web sem\u00e1ntica con, su \u00faltimo libro, \u201cComo crear una mente, o tal vez exista una relaci\u00f3n que tendremos que ir descubriendo seg\u00fan se vayan sucediendo los acontecimientos y se esclarezca hacia d\u00f3nde va Google y hacia d\u00f3nde van las tecnolog\u00edas de la informaci\u00f3n (TI), y de la aparici\u00f3n de un cuarto paradigma en las TI <a title=\"Nos acercamos a una nueva era en las TI\" href=\"http:\/\/cibernetica.wordpress.com\/2013\/01\/03\/nos-acercamos-a-una-nueva-era-en-las-tecnologias-de-la-informacion\/\"><em>Nos acercamos a una nueva era de las tecnolog\u00edas de la informaci\u00f3n.\u00a0<\/em><\/a>Y, sin dudas, Kurzweil vendr\u00e1 a jugar un papel importante en el camino que escoja Google.<\/span><\/p>\n<p style=\"text-align:justify\"><span lang=\"ES-CO\" style=\"font-size:11pt;font-family:'Arial', 'sans-serif'\">El propio Kurzweil ha declarado que trabajar en las b\u00fasquedas avanzadas que vayan m\u00e1s all\u00e1 de las palabras claves y aspira que, las computadoras de Google, entiendan el lenguaje natural; <\/span><span lang=\"ES\" style=\"font-size:11pt;font-family:'Arial', 'sans-serif'\">no s\u00f3lo hacer la b\u00fasqueda y responder a preguntas sobre la base de los v\u00ednculos y las palabra<\/span><span lang=\"ES\" style=\"font-size:11pt;font-family:'Arial', 'sans-serif'\"> \u00a0<\/span><span lang=\"ES-CO\" style=\"font-size:11pt;font-family:'Arial', 'sans-serif'\">para que las personas puedan hacer preguntas m\u00e1s complejas; se aspira a que las computadoras comprendan el sentido sem\u00e1ntico. Hasta aqu\u00ed estamos hablando del proyecto de la Web sem\u00e1ntica propuesto por Tin Berners-Lee, proyecto totalmente realizable y seg\u00fan los expertos no se ha llevado a cabo por cuestiones m\u00e1s bien de tipo comercial, las grandes transnacionales, incluyendo a Google, no le han dado el apoyo que se esperaba..<\/span><\/p>\n<p style=\"text-align:justify\"><span lang=\"ES\" style=\"font-size:11pt;font-family:'Arial', 'sans-serif'\">Pero, las expectativas de Kurzweil no se quedan ah\u00ed. La idea es que los computadores puedan reconocer mejor lo que las personas quieren decir, y aprender de lo que hacen. Si una m\u00e1quina llegara a ese nivel, seg\u00fan Kurzweil ser\u00eda consciente. Pero Kurzweil va mas all\u00e1, cuando dice: \u201c<em><span style=\"font-family:'Arial', 'sans-serif';font-style:normal\">Y eso no significa s\u00f3lo inteligencia l\u00f3gica. Significa inteligencia emocional, ser divertido, entender el chiste, ser sexy, ser amoroso, entender la emoci\u00f3n humana. Eso es en realidad lo m\u00e1s complejo que hacemos. Eso es lo que separa a computadores y humanos hoy. Creo que esa brecha se cerrar\u00e1 en 2029\u2033<\/span><\/em><i>.<\/i><\/span><\/p>\n<p style=\"text-align:justify\"><span lang=\"ES\" style=\"font-size:11pt;font-family:'Arial', 'sans-serif'\">Estamos hablando de la idea del advenimiento de una singularidad tecnol\u00f3gica <em><a title=\"Las vias para alcanzar la singularidad\" href=\"http:\/\/cibernetica.wordpress.com\/2011\/08\/31\/los-caminos-hacia-la-singularidad\/\">Las v\u00edas para lograr la singularidad<\/a>,\u00a0 <\/em>donde Vinge propone la idea del surgimiento de cuatro superinteligencias, pero Kurzweil se inclina abiertamente por la superinteligencia artificial mientras los transhumanistas se inclinan por las superinteligencias biol\u00f3gicas e hibridas <a title=\"La fusion humanos tecnologias\" href=\"http:\/\/cibernetica.wordpress.com\/2012\/11\/26\/la-fusion-humanos-tecnologias-el-cyborg\/\"><em>La fusi\u00f3n humanos-tecnolog\u00edas. El Cyborg.<\/em><\/a><\/span><\/p>\n<p style=\"text-align:justify\"><span lang=\"ES\" style=\"font-size:11pt;font-family:'Arial', 'sans-serif'\">La comprensi\u00f3n del lenguaje natural ha sido una de las aplicaciones centrales de la inteligencia artificial desde sus inicios, recordar el paradigm\u00e1tico programa Eliza del ya desaparecido Joseph Weizenbaum, referencia obligada de todo aquel que quiera iniciarse en la programaci\u00f3n del lenguaje natural y hoy muchos de los chabot, <a title=\"Conversar con un Chatbot\" href=\"http:\/\/cibernetica.wordpress.com\/2008\/01\/10\/conversar-con-un-chatbot\/\"><em>Conversar con un Chatbot<\/em><span style=\"text-decoration:underline\">, <\/span><\/a><\/span><span lang=\"ES\" style=\"font-size:11pt;font-family:'Arial', 'sans-serif'\">que se ejecutan en Internet parten de sus principios, por eso no es de extra\u00f1ar que Kurzweil afirme: \u201cla comprensi\u00f3n del lenguaje natural es la parte m\u00e1s importante de la inteligencia artificial desde que Alan Turing defini\u00f3 el campo de la inteligencia artificial en 1950, se centro en el lenguaje natural\u201d, haciendo referencia a la famosa prueba de Turing.\u00a0 <\/span><\/p>\n<p style=\"text-align:justify\"><span lang=\"ES\" style=\"font-size:11pt;font-family:'Arial', 'sans-serif'\">Para muchos es una sorpresa que Kurzweil, quien siempre ha preferido dirigir sus propios proyectos, haya comenzado a trabajar en Google, si tenemos en cuenta, que las ideas futuristas de Kurzweil, <a title=\"Las profecias de Ray Kurzweil\" href=\"http:\/\/cibernetica.wordpress.com\/2008\/01\/21\/las-profecias-de-ray-kurzweil\/\"><em>Las profec\u00edas de Ray Kurzweil, <\/em><\/a>parec\u00edan no tener nada que ver con Google. El mismo Kurzweil, lo aclara cuando dice: Me reun\u00ed con Larry Page y le hable sobre mi libro \u201cC\u00f3mo crear una mente\u201d y le dije que quer\u00eda hacer un proyecto y crear una empresa basada en esas ideas. \u00c9l me convenci\u00f3 para hacerlo en Google debido a que los recursos que necesitar\u00eda estaban disponibles en Google\u201d.<\/span><\/p>\n<p style=\"text-align:justify\"><span lang=\"ES\" style=\"font-size:11pt;font-family:'Arial', 'sans-serif'\">\u00a0Google ya lleva alg\u00fan tiempo tocando el tema de una inteligencia artificial d\u00e9bil, <em><a title=\"Crisis de la IA\" href=\"http:\/\/cibernetica.wordpress.com\/2007\/03\/05\/crisis-de-la-inteligencia-artificial\/\">Crisis de la inteligencia artificial <\/a><\/em><\/span><span lang=\"ES\" style=\"font-size:11pt;font-family:'Arial', 'sans-serif'\">y ha desarrollado algunas aplicaciones importantes, tales como: el reconocimiento de la voz de Google Voice, la traducci\u00f3n autom\u00e1tica de Google translate y el aud\u00edfono de cristal Google. Lo que hace pensar que seg\u00fan estas tecnolog\u00edas se vayan integrando entre s\u00ed, se alcance un sistema capaz de entender el lenguaje natural a un nivel cada vez m\u00e1s profundo. <\/span><\/p>\n<p style=\"text-align:justify\"><span lang=\"ES\" style=\"font-size:11pt;font-family:'Arial', 'sans-serif'\">Ahora con Kurzweil, al frente del proyecto, todo un indica un giro de 180 grados, hacia una inteligencia artificial fuerte (La copia del cerebro)\u00a0 y al aumento exponencial de la inteligencia artificial hasta igualar y luego superar a la humana, <em><a title=\"Surgira una superinteligencia\" href=\"http:\/\/cibernetica.wordpress.com\/2013\/01\/07\/surgira-una-superinteligencia-capaz-de-superar-al-ser-humano\/\">Surgir\u00e1 una superinteligencia capaz de superar al ser humano<\/a>.<\/em><br \/>\n<\/span><\/p>\n<p style=\"text-align:justify\"><span lang=\"ES\" style=\"font-size:11pt;font-family:'Arial', 'sans-serif'\">Kurzweil parece al fin encontrarse a s\u00ed mismo cuando dice: &#8220;Mi objetivo es contribuir a la inteligencia artificial y esa ha sido realmente una b\u00fasqueda de 50 a\u00f1os&#8230; Y ahora, por primera vez, tengo los recursos para hacerlo&#8221;. Tal vez en Google, pueda por fin, realizar sus sue\u00f1os.<\/span><\/p>\n<p style=\"text-align:justify\"><span lang=\"ES\" style=\"font-size:11pt;font-family:'Arial', 'sans-serif'\">Como ya he dicho en otros art\u00edculos, existen otras alternativas, como la inteligencia colectiva de Pierre Levy, el proyecto del <a title=\"Cerebro global\" href=\"http:\/\/cibernetica.wordpress.com\/2007\/05\/11\/cerebro-global-%C2%BFque-es\/\"><em>Cerebro Global<\/em><\/a> <\/span><span lang=\"ES\" style=\"font-size:11pt;font-family:'Arial', 'sans-serif'\">propuesto por Francis Heylighen y otros autores no menos importantes, los que se fundamentan en el surgimiento de una superestructura tecnol\u00f3gica colaborativa dentro de un nuevo paradigma, idea que est\u00e1 naciendo en\u00a0 la mente de muchos importantes investigadores, pero que no ha sido lo suficientemente divulgada. <\/span><\/p>\n<p style=\"text-align:justify\"><i><span lang=\"ES\" style=\"font-size:11pt;font-family:'Arial', 'sans-serif'\">Pr\u00f3ximo art\u00edculo: Transhumanistas vs Bioconservadores (4)<\/span><\/i><\/p>\n<p class=\"MsoNormal\">Lectura recomendada:<br \/>\n<a title=\"IA en Google\" href=\"http:\/\/www.amazon.es\/gp\/product\/B00CP89UR4\/ref=as_li_qf_sp_asin_tl?ie=UTF8&amp;camp=3626&amp;creative=24790&amp;creativeASIN=B00CP89UR4&amp;linkCode=as2&amp;tag=cibersociedad-21\">Inteligencia Artificial, el futuro del hombre<\/a><\/p>\n","protected":false},"excerpt":{"rendered":"<p>Aunque Google ha estado reacio a utilizar la palabra Web sem\u00e1ntica (de esto hablaremos en otro art\u00edculo) todo indica que la tarea principal de Kurzweil ser\u00e1 incorporase a esa l\u00ednea, no s\u00e9 qu\u00e9 tiene que ver la Web sem\u00e1ntica con, su \u00faltimo libro, \u201cComo crear una mente, o tal vez exista una relaci\u00f3n que tendremos [&hellip;]<\/p>\n","protected":false},"author":109,"featured_media":0,"comment_status":"open","ping_status":"open","sticky":false,"template":"","format":"standard","meta":[],"categories":[7],"tags":[39,40,63,99,124,136,171,225,242],"_links":{"self":[{"href":"https:\/\/blogs.sld.cu\/cibernetica\/wp-json\/wp\/v2\/posts\/487"}],"collection":[{"href":"https:\/\/blogs.sld.cu\/cibernetica\/wp-json\/wp\/v2\/posts"}],"about":[{"href":"https:\/\/blogs.sld.cu\/cibernetica\/wp-json\/wp\/v2\/types\/post"}],"author":[{"embeddable":true,"href":"https:\/\/blogs.sld.cu\/cibernetica\/wp-json\/wp\/v2\/users\/109"}],"replies":[{"embeddable":true,"href":"https:\/\/blogs.sld.cu\/cibernetica\/wp-json\/wp\/v2\/comments?post=487"}],"version-history":[{"count":0,"href":"https:\/\/blogs.sld.cu\/cibernetica\/wp-json\/wp\/v2\/posts\/487\/revisions"}],"wp:attachment":[{"href":"https:\/\/blogs.sld.cu\/cibernetica\/wp-json\/wp\/v2\/media?parent=487"}],"wp:term":[{"taxonomy":"category","embeddable":true,"href":"https:\/\/blogs.sld.cu\/cibernetica\/wp-json\/wp\/v2\/categories?post=487"},{"taxonomy":"post_tag","embeddable":true,"href":"https:\/\/blogs.sld.cu\/cibernetica\/wp-json\/wp\/v2\/tags?post=487"}],"curies":[{"name":"wp","href":"https:\/\/api.w.org\/{rel}","templated":true}]}}