{"id":628,"date":"2013-08-14T17:23:57","date_gmt":"2013-08-14T17:23:57","guid":{"rendered":"http:\/\/cibernetica.wordpress.com\/?p=628"},"modified":"2013-08-14T17:23:57","modified_gmt":"2013-08-14T17:23:57","slug":"provocaran-las-tecnologias-el-fin-de-la-humanidad-1","status":"publish","type":"post","link":"https:\/\/blogs.sld.cu\/cibernetica\/2013\/08\/14\/provocaran-las-tecnologias-el-fin-de-la-humanidad-1\/","title":{"rendered":"\u00bfProvocar\u00e1n las tecnolog\u00edas el fin de la humanidad? (1)"},"content":{"rendered":"<p>El progreso tecnol\u00f3gico ha ido pasando de las herramientas, las m\u00e1quinas manejadas por el hombre, a las m\u00e1quinas aut\u00f3nomas cada vez m\u00e1s inteligentes (seg\u00fan avancen las t\u00e9cnicas de inteligencia artificial) que ir\u00e1n inevitablemente formando parte de la vida social de los humanos, ya no como herramientas o m\u00e1quinas (autom\u00f3viles, computadoras, gr\u00faas, etc.) sino como m\u00e1quinas superinteligentes capaces de tomar decisiones junto a los humanos. Ahora, la pregunta es: \u00bfestamos preparado para ese futuro?<\/p>\n<p>En el sitio The Millennium Project, se plantea la necesidad de una \u00e9tica global ante la aceleraci\u00f3n tecnol\u00f3gica que se est\u00e1 produciendo que va m\u00e1s all\u00e1 de los medios convencionales de evaluaci\u00f3n \u00e9tica y se plantea la necesidad de sistemas \u00e9ticos que se anticipen a los posibles eventos futuros. Y se\u00f1ala, como preocupaci\u00f3n, el hecho de que una sola persona, pueda alcanzar un poder masivamente destructivo, ya que las tecnolog\u00edas destructivas est\u00e1n al alcance de cualquiera que las pueda comprar y el acceso a la informaci\u00f3n ya no es un problema, hoy casi todo se puede encontrar en Internet. Sin, dudas el terrorismo es una de las mayores amenazas de este siglo.<\/p>\n<p>Otros hablan del peligro de una <strong>tecnolog\u00eda ciega<\/strong>. Que no es otra cosa que una tecnolog\u00eda que avanza en la historia sin un conocimiento profundo del territorio natural, biol\u00f3gico, humano y social en que se mueve. Es el uso negligente de las tecnolog\u00edas (con fines de lucro, militares, etc.) que ignora las consecuencias de sus actuaciones y act\u00faa al margen de ellas.<\/p>\n<p>Y como consecuencia de esta tecnolog\u00eda ciega, se citan las siguientes consecuencias: el problema de la contaminaci\u00f3n, la destrucci\u00f3n de los recursos naturales, el cambio clim\u00e1tico, de extinci\u00f3n de especies animales, la alteraci\u00f3n de la biosfera, etc.<\/p>\n<p>Por su parte, Miguel \u00c1ngel Guti\u00e9rrez, realiza el siguiente cuestionamiento: \u201c\u00bfCu\u00e1l es el l\u00edmite de las tecnolog\u00edas? Ninguna de ellas queda confinada a la funci\u00f3n que su creador original imagin\u00f3; las tecnolog\u00edas se entrecruzan, se potencian, se modifican y generan nuevas aplicaciones, por lo que se hace necesario conocer cu\u00e1les pueden ser sus consecuencias, m\u00e1s all\u00e1 del producto o servicio que la incorporen inicialmente.<\/p>\n<p>Hasta el super optimista y experto en inteligencia artificial, Ray Kurzweil, muestra cierta preocupaci\u00f3n cuando dice: \u201cNo podemos depender de enfoques de \u2018prueba y error\u2019 para tratar los riesgos existenciales\u2026 Tenemos que incrementar enormemente nuestra inversi\u00f3n para desarrollar tecnolog\u00edas defensivas espec\u00edficas\u2026 Estamos hoy en la fase cr\u00edtica de la biotecnolog\u00eda, y alcanzaremos la fase en la que tendremos que implementar directamente tecnolog\u00edas defensivas para la nanotecnolog\u00eda en los \u00faltimos a\u00f1os de la pr\u00f3xima d\u00e9cada\u2026 Un pat\u00f3geno autoreplicante, ya sea biol\u00f3gico o basado en la nanotecnolog\u00eda, podr\u00eda destruir nuestra civilizaci\u00f3n en cuesti\u00f3n de d\u00edas o semanas.\u201d<\/p>\n<p>Esto es solo una introducci\u00f3n en el pr\u00f3ximo art\u00edculo iremos entrando en detalles. El tema est\u00e1 abierto\u2026<\/p>\n","protected":false},"excerpt":{"rendered":"<p>El progreso tecnol\u00f3gico ha ido pasando de las herramientas, las m\u00e1quinas manejadas por el hombre, a las m\u00e1quinas aut\u00f3nomas cada vez m\u00e1s inteligentes (seg\u00fan avancen las t\u00e9cnicas de inteligencia artificial) que ir\u00e1n inevitablemente formando parte de la vida social de los humanos, ya no como herramientas o m\u00e1quinas (autom\u00f3viles, computadoras, gr\u00faas, etc.) sino como m\u00e1quinas [&hellip;]<\/p>\n","protected":false},"author":109,"featured_media":0,"comment_status":"open","ping_status":"open","sticky":false,"template":"","format":"standard","meta":[],"categories":[7],"tags":[91,124,147,188,252,253],"_links":{"self":[{"href":"https:\/\/blogs.sld.cu\/cibernetica\/wp-json\/wp\/v2\/posts\/628"}],"collection":[{"href":"https:\/\/blogs.sld.cu\/cibernetica\/wp-json\/wp\/v2\/posts"}],"about":[{"href":"https:\/\/blogs.sld.cu\/cibernetica\/wp-json\/wp\/v2\/types\/post"}],"author":[{"embeddable":true,"href":"https:\/\/blogs.sld.cu\/cibernetica\/wp-json\/wp\/v2\/users\/109"}],"replies":[{"embeddable":true,"href":"https:\/\/blogs.sld.cu\/cibernetica\/wp-json\/wp\/v2\/comments?post=628"}],"version-history":[{"count":0,"href":"https:\/\/blogs.sld.cu\/cibernetica\/wp-json\/wp\/v2\/posts\/628\/revisions"}],"wp:attachment":[{"href":"https:\/\/blogs.sld.cu\/cibernetica\/wp-json\/wp\/v2\/media?parent=628"}],"wp:term":[{"taxonomy":"category","embeddable":true,"href":"https:\/\/blogs.sld.cu\/cibernetica\/wp-json\/wp\/v2\/categories?post=628"},{"taxonomy":"post_tag","embeddable":true,"href":"https:\/\/blogs.sld.cu\/cibernetica\/wp-json\/wp\/v2\/tags?post=628"}],"curies":[{"name":"wp","href":"https:\/\/api.w.org\/{rel}","templated":true}]}}