{"id":402,"date":"2022-08-01T15:25:55","date_gmt":"2022-08-01T20:25:55","guid":{"rendered":"https:\/\/blogs.sld.cu\/dengue\/?p=402"},"modified":"2022-08-01T15:25:55","modified_gmt":"2022-08-01T20:25:55","slug":"dengue-y-covid-19-juntos-y-revueltos","status":"publish","type":"post","link":"https:\/\/blogs.sld.cu\/dengue\/dengue-y-covid-19-juntos-y-revueltos\/","title":{"rendered":"Dengue y COVID-19: juntos y \u201crevueltos\u201d"},"content":{"rendered":"<p><img loading=\"lazy\" class=\"alignleft size-full wp-image-403\" src=\"http:\/\/blogs.sld.cu\/dengue\/files\/2022\/08\/dengue-y-covid.jpg\" alt=\"\" width=\"200\" height=\"133\" \/>M\u00e1s de mil 500 atenciones m\u00e9dicas por fiebre inespec\u00edfica, que puede sugerir la presencia del dengue, se reportaron en la provincia de Guant\u00e1namo durante la \u00faltima semana, inform\u00f3 Leonel Heredia, subdirector del Centro provincial de Higiene, Epidemiolog\u00eda y Microbiolog\u00eda. El directivo se\u00f1al\u00f3 la importancia de que las personas sintom\u00e1ticas reciban atenci\u00f3n m\u00e9dica ante el incremento de los casos que evolucionan hacia formas graves de la enfermedad, con complicaciones neurol\u00f3gicas, hemorr\u00e1gicas y cardiovasculares, entre otras.<!--more--><\/p>\n<p>Se registra, al mismo tiempo, un aumento significativo de los focos de <em>Aedes aegypti<\/em>, vector trasmisor de la enfermedad que est\u00e1 presente en ocho de nuestros municipios, con \u00e9nfasis en Manuel Tames, Guant\u00e1namo y Caimanera, en ese orden de infestaci\u00f3n.<\/p>\n<p>De manera general, en el ciclo de julio se identificaron mil 296 viviendas con mil 628 focos del vector, unos 400 m\u00e1s de los detectados en el mes anterior, sobre todo, en dep\u00f3sitos donde las personas almacenan agua para el consumo hogare\u00f1o.<\/p>\n<p>Ante la tendencia, y la falta de recursos para realizar tratamientos adulticidas de manera extendida, el galeno llam\u00f3 a las personas a ordenar su entorno m\u00e1s cercano mediante el control autofocal familiar, con la idea de eliminar los posibles criaderos del alado.<\/p>\n<p>Ver m\u00e1s en: <a href=\"http:\/\/www.venceremos.cu\/guantanamo-noticias\/27918-dengue-y-covid-19-juntos-y-revueltos\" target=\"_blank\" rel=\"noopener\">Peri\u00f3dico Venceremos. Guant\u00e1namo &#8211; 29 Julio 2022\u00a0<\/a><\/p>\n","protected":false},"excerpt":{"rendered":"<p>M\u00e1s de mil 500 atenciones m\u00e9dicas por fiebre inespec\u00edfica, que puede sugerir la presencia del dengue, se reportaron en la provincia de Guant\u00e1namo durante la \u00faltima semana, inform\u00f3 Leonel Heredia, subdirector del Centro provincial de Higiene, Epidemiolog\u00eda y Microbiolog\u00eda. El directivo se\u00f1al\u00f3 la importancia de que las personas sintom\u00e1ticas reciban atenci\u00f3n m\u00e9dica ante el incremento [&hellip;]<\/p>\n","protected":false},"author":123,"featured_media":0,"comment_status":"closed","ping_status":"closed","sticky":false,"template":"","format":"standard","meta":[],"categories":[1,7],"tags":[19,18],"_links":{"self":[{"href":"https:\/\/blogs.sld.cu\/dengue\/wp-json\/wp\/v2\/posts\/402"}],"collection":[{"href":"https:\/\/blogs.sld.cu\/dengue\/wp-json\/wp\/v2\/posts"}],"about":[{"href":"https:\/\/blogs.sld.cu\/dengue\/wp-json\/wp\/v2\/types\/post"}],"author":[{"embeddable":true,"href":"https:\/\/blogs.sld.cu\/dengue\/wp-json\/wp\/v2\/users\/123"}],"replies":[{"embeddable":true,"href":"https:\/\/blogs.sld.cu\/dengue\/wp-json\/wp\/v2\/comments?post=402"}],"version-history":[{"count":2,"href":"https:\/\/blogs.sld.cu\/dengue\/wp-json\/wp\/v2\/posts\/402\/revisions"}],"predecessor-version":[{"id":405,"href":"https:\/\/blogs.sld.cu\/dengue\/wp-json\/wp\/v2\/posts\/402\/revisions\/405"}],"wp:attachment":[{"href":"https:\/\/blogs.sld.cu\/dengue\/wp-json\/wp\/v2\/media?parent=402"}],"wp:term":[{"taxonomy":"category","embeddable":true,"href":"https:\/\/blogs.sld.cu\/dengue\/wp-json\/wp\/v2\/categories?post=402"},{"taxonomy":"post_tag","embeddable":true,"href":"https:\/\/blogs.sld.cu\/dengue\/wp-json\/wp\/v2\/tags?post=402"}],"curies":[{"name":"wp","href":"https:\/\/api.w.org\/{rel}","templated":true}]}}