{"id":410,"date":"2022-08-02T07:00:52","date_gmt":"2022-08-02T12:00:52","guid":{"rendered":"https:\/\/blogs.sld.cu\/dengue\/?p=410"},"modified":"2022-08-01T16:06:19","modified_gmt":"2022-08-01T21:06:19","slug":"adoptan-medidas-para-cortar-transmision-de-dengue-en-las-tunas","status":"publish","type":"post","link":"https:\/\/blogs.sld.cu\/dengue\/adoptan-medidas-para-cortar-transmision-de-dengue-en-las-tunas\/","title":{"rendered":"Adoptan medidas para cortar transmisi\u00f3n de dengue en Las Tunas"},"content":{"rendered":"<p><img loading=\"lazy\" class=\"alignleft size-full wp-image-411\" src=\"http:\/\/blogs.sld.cu\/dengue\/files\/2022\/08\/Las-Tunas.jpg\" alt=\"\" width=\"200\" height=\"150\" \/>Las autoridades sanitarias adoptan medidas para disminuir los \u00edndices de infestaci\u00f3n del mosquito <em>Aedes aegypti<\/em> ante el complejo escenario epidemiol\u00f3gico que vive la provincia con la transmisi\u00f3n de dengue, principalmente en los municipios de Amancio, Puerto Padre, Jes\u00fas Men\u00e9ndez y la ciudad cabecera. La doctora Yumara Acosta Garc\u00eda, directora del Centro Provincial de Higiene, Epidemiolog\u00eda y Microbiolog\u00eda, explic\u00f3 que en los \u00faltimos tres a\u00f1os se percibe un alza de la focalidad, situaci\u00f3n que empeora durante el per\u00edodo de lluvias.<!--more--><\/p>\n<p>No obstante, reconoci\u00f3, el enfrentamiento a la pandemia de la Covid-19 acapar\u00f3, por razones obvias, las mayores atenciones, y decayeron las fuerzas en la lucha antivectorial.<\/p>\n<p>Ante este panorama se ha dise\u00f1ado una estrategia enfocada en la integraci\u00f3n de los sectores y de las organizaciones de masas. En los nuevos protocolos sanitarios, el m\u00e9dico y la enfermera de la familia asumir\u00e1n un rol protag\u00f3nico, pues en los hogares donde existan las condiciones se proceder\u00e1 al ingreso domiciliario.<\/p>\n<p>Todos los empe\u00f1os por cortar la transmisi\u00f3n de la enfermedad deben acompa\u00f1arse del apoyo de los moradores con la realizaci\u00f3n del autofocal familiar, que incluye cepillar y tapar los tanques, limpiar patios y solares yermos, eliminar las aguas estancadas y colocar bajo techo los dep\u00f3sitos vac\u00edos, entre otras acciones.<\/p>\n<p>Ver m\u00e1s en: <a href=\"http:\/\/www.periodico26.cu\/index.php\/es\/salud-2\/9285-adoptan-medidas-para-cortar-transmision-de-dengue-en-las-tunas\" target=\"_blank\" rel=\"noopener\">Peri\u00f3dico 26, Las Tunas &#8211; 21 Julio 2022<\/a><\/p>\n","protected":false},"excerpt":{"rendered":"<p>Las autoridades sanitarias adoptan medidas para disminuir los \u00edndices de infestaci\u00f3n del mosquito Aedes aegypti ante el complejo escenario epidemiol\u00f3gico que vive la provincia con la transmisi\u00f3n de dengue, principalmente en los municipios de Amancio, Puerto Padre, Jes\u00fas Men\u00e9ndez y la ciudad cabecera. La doctora Yumara Acosta Garc\u00eda, directora del Centro Provincial de Higiene, Epidemiolog\u00eda [&hellip;]<\/p>\n","protected":false},"author":123,"featured_media":0,"comment_status":"closed","ping_status":"closed","sticky":false,"template":"","format":"standard","meta":[],"categories":[21,1],"tags":[22],"_links":{"self":[{"href":"https:\/\/blogs.sld.cu\/dengue\/wp-json\/wp\/v2\/posts\/410"}],"collection":[{"href":"https:\/\/blogs.sld.cu\/dengue\/wp-json\/wp\/v2\/posts"}],"about":[{"href":"https:\/\/blogs.sld.cu\/dengue\/wp-json\/wp\/v2\/types\/post"}],"author":[{"embeddable":true,"href":"https:\/\/blogs.sld.cu\/dengue\/wp-json\/wp\/v2\/users\/123"}],"replies":[{"embeddable":true,"href":"https:\/\/blogs.sld.cu\/dengue\/wp-json\/wp\/v2\/comments?post=410"}],"version-history":[{"count":2,"href":"https:\/\/blogs.sld.cu\/dengue\/wp-json\/wp\/v2\/posts\/410\/revisions"}],"predecessor-version":[{"id":413,"href":"https:\/\/blogs.sld.cu\/dengue\/wp-json\/wp\/v2\/posts\/410\/revisions\/413"}],"wp:attachment":[{"href":"https:\/\/blogs.sld.cu\/dengue\/wp-json\/wp\/v2\/media?parent=410"}],"wp:term":[{"taxonomy":"category","embeddable":true,"href":"https:\/\/blogs.sld.cu\/dengue\/wp-json\/wp\/v2\/categories?post=410"},{"taxonomy":"post_tag","embeddable":true,"href":"https:\/\/blogs.sld.cu\/dengue\/wp-json\/wp\/v2\/tags?post=410"}],"curies":[{"name":"wp","href":"https:\/\/api.w.org\/{rel}","templated":true}]}}