{"id":430,"date":"2022-08-05T07:01:21","date_gmt":"2022-08-05T12:01:21","guid":{"rendered":"https:\/\/blogs.sld.cu\/dengue\/?p=430"},"modified":"2022-08-01T17:27:34","modified_gmt":"2022-08-01T22:27:34","slug":"vencer-el-dengue-pasa-por-los-centros-laborales","status":"publish","type":"post","link":"https:\/\/blogs.sld.cu\/dengue\/vencer-el-dengue-pasa-por-los-centros-laborales\/","title":{"rendered":"Vencer el dengue pasa por los centros laborales"},"content":{"rendered":"<p><img loading=\"lazy\" class=\"alignleft size-full wp-image-431\" src=\"http:\/\/blogs.sld.cu\/dengue\/files\/2022\/08\/centros-laborales-salud-del-trabajo.jpg\" alt=\"\" width=\"200\" height=\"139\" \/>Ulises Guilarte De Nacimien\u00adto, miembro del Bur\u00f3 Pol\u00edtico del Partido y secretario general de la Central de Trabajadores de Cuba (CTC), subray\u00f3 que en recientes visitas a colectivos laborales se ve\u00adrific\u00f3 un alto nivel de salideros de agua, tambi\u00e9n de enyerbamiento y acumulaci\u00f3n de escombros, lo que contribuye a la proliferaci\u00f3n del mosquito y con este, del dengue. \u201cAl mismo tiempo, dijo, existe un n\u00famero importante de brigadas para el autocontrol focal incom\u00adpletas, sin capacitaci\u00f3n o sin funcionamiento, lo que requiere una actuaci\u00f3n m\u00e1s en\u00e9rgica de la CTC y sus sindicatos a todos los niveles de direcci\u00f3n\u201d.<!--more--><\/p>\n<p>Ante la dif\u00edcil situaci\u00f3n actual, la CTC dispuso la reactivaci\u00f3n de las brigadas en cada colectivo, as\u00ed como fortalecerlas donde se requie\u00adra, todo ello de manera conjunta con las \u00e1reas de salud.<\/p>\n<p>Adem\u00e1s, realizar dos veces por semana inspecciones en los cen\u00adtros y diariamente donde se detec\u00adten focos por parte de las brigadas responsabilizadas con la lucha an\u00adtivectorial, de conjunto con la ad\u00administraci\u00f3n.<\/p>\n<p>Guilarte De Nacimiento orien\u00adt\u00f3 analizar con los factores del co\u00adlectivo las deficiencias o inciden\u00adcias encontradas, y la propuesta de medidas para su soluci\u00f3n, a la vez que se deber\u00e1 establecer un sistema de trabajo que permita al sindicalismo conocer la situaci\u00f3n epidemiol\u00f3gica de cada provincia, municipios, territorios, \u00e1reas de salud y centros con las mayores complejidades.<\/p>\n<p>Ver m\u00e1s en: <a href=\"https:\/\/www.trabajadores.cu\/20220731\/vencer-el-dengue-pasa-por-los-centros-laborales\/\" target=\"_blank\" rel=\"noopener\">Peri\u00f3dico Trabajadores &#8211; 31 julio 2022<\/a><\/p>\n","protected":false},"excerpt":{"rendered":"<p>Ulises Guilarte De Nacimien\u00adto, miembro del Bur\u00f3 Pol\u00edtico del Partido y secretario general de la Central de Trabajadores de Cuba (CTC), subray\u00f3 que en recientes visitas a colectivos laborales se ve\u00adrific\u00f3 un alto nivel de salideros de agua, tambi\u00e9n de enyerbamiento y acumulaci\u00f3n de escombros, lo que contribuye a la proliferaci\u00f3n del mosquito y con [&hellip;]<\/p>\n","protected":false},"author":123,"featured_media":0,"comment_status":"closed","ping_status":"closed","sticky":false,"template":"","format":"standard","meta":[],"categories":[21,1],"tags":[31],"_links":{"self":[{"href":"https:\/\/blogs.sld.cu\/dengue\/wp-json\/wp\/v2\/posts\/430"}],"collection":[{"href":"https:\/\/blogs.sld.cu\/dengue\/wp-json\/wp\/v2\/posts"}],"about":[{"href":"https:\/\/blogs.sld.cu\/dengue\/wp-json\/wp\/v2\/types\/post"}],"author":[{"embeddable":true,"href":"https:\/\/blogs.sld.cu\/dengue\/wp-json\/wp\/v2\/users\/123"}],"replies":[{"embeddable":true,"href":"https:\/\/blogs.sld.cu\/dengue\/wp-json\/wp\/v2\/comments?post=430"}],"version-history":[{"count":2,"href":"https:\/\/blogs.sld.cu\/dengue\/wp-json\/wp\/v2\/posts\/430\/revisions"}],"predecessor-version":[{"id":433,"href":"https:\/\/blogs.sld.cu\/dengue\/wp-json\/wp\/v2\/posts\/430\/revisions\/433"}],"wp:attachment":[{"href":"https:\/\/blogs.sld.cu\/dengue\/wp-json\/wp\/v2\/media?parent=430"}],"wp:term":[{"taxonomy":"category","embeddable":true,"href":"https:\/\/blogs.sld.cu\/dengue\/wp-json\/wp\/v2\/categories?post=430"},{"taxonomy":"post_tag","embeddable":true,"href":"https:\/\/blogs.sld.cu\/dengue\/wp-json\/wp\/v2\/tags?post=430"}],"curies":[{"name":"wp","href":"https:\/\/api.w.org\/{rel}","templated":true}]}}