{"id":1,"date":"2025-07-23T14:34:00","date_gmt":"2025-07-23T14:34:00","guid":{"rendered":"https:\/\/blogs.sld.cu\/deteccionautismo\/?p=1"},"modified":"2026-04-27T16:14:00","modified_gmt":"2026-04-27T21:14:00","slug":"bienvenidos-a-mi-blog","status":"publish","type":"post","link":"https:\/\/blogs.sld.cu\/deteccionautismo\/2025\/07\/23\/bienvenidos-a-mi-blog\/","title":{"rendered":"\u00a1Bienvenidos a mi blog!"},"content":{"rendered":"<p><img loading=\"lazy\" class=\"wp-image-12 size-full alignleft\" src=\"https:\/\/blogs.sld.cu\/deteccionautismo\/files\/2025\/07\/medico-1-e1777319868463.png\" alt=\"\" width=\"200\" height=\"165\" \/>Este es un espacio de orientaci\u00f3n y apoyo dirigido a los especialistas que se dedican a la investigaci\u00f3n sobre el autismo y la atenci\u00f3n de quienes lo padecen. Nuestros contenidos se enfocan exactamente en la detecci\u00f3n temprana del mismo, por lo que sin ser un sitio web especializado, a trav\u00e9s de este espacio me propongo informar y orientar a quienes se enfrentana diario con la dificultad de diganosticar esta afecci\u00f3n lo m\u00e1s acertado y r\u00e1pido posible. En ello va el \u00e9xito del tratamiento.<!--more--><\/p>\n<p>Para lograrlo, en mi blog compartir\u00e9 conceptos, documentos normativos y reguladores, art\u00edculos de revisi\u00f3n y actualizaci\u00f3n, sugerencias, consejos y buenas pr\u00e1cticas derivadas de la evidencia y la pr\u00e1ctica cl\u00ednica.<\/p>\n<p>Los comentarios, propuestas y sugerencias son bienvenidas y compartidas con todos los visiten este espacio.<\/p>\n<p>As\u00ed pues, sea bienvenido o bienvenida a mi blog, mi modesto granito de arena al conocimiento colectivo en salud.<\/p>\n<p>Dra. C. Teresa I. Lozano P\u00e9rez<\/p>\n","protected":false},"excerpt":{"rendered":"<p>Este es un espacio de orientaci\u00f3n y apoyo dirigido a los especialistas que se dedican a la investigaci\u00f3n sobre el autismo y la atenci\u00f3n de quienes lo padecen. Nuestros contenidos se enfocan exactamente en la detecci\u00f3n temprana del mismo, por lo que sin ser un sitio web especializado, a trav\u00e9s de este espacio me propongo [&hellip;]<\/p>\n","protected":false},"author":244,"featured_media":0,"comment_status":"closed","ping_status":"closed","sticky":false,"template":"","format":"standard","meta":[],"categories":[1],"tags":[],"_links":{"self":[{"href":"https:\/\/blogs.sld.cu\/deteccionautismo\/wp-json\/wp\/v2\/posts\/1"}],"collection":[{"href":"https:\/\/blogs.sld.cu\/deteccionautismo\/wp-json\/wp\/v2\/posts"}],"about":[{"href":"https:\/\/blogs.sld.cu\/deteccionautismo\/wp-json\/wp\/v2\/types\/post"}],"author":[{"embeddable":true,"href":"https:\/\/blogs.sld.cu\/deteccionautismo\/wp-json\/wp\/v2\/users\/244"}],"replies":[{"embeddable":true,"href":"https:\/\/blogs.sld.cu\/deteccionautismo\/wp-json\/wp\/v2\/comments?post=1"}],"version-history":[{"count":5,"href":"https:\/\/blogs.sld.cu\/deteccionautismo\/wp-json\/wp\/v2\/posts\/1\/revisions"}],"predecessor-version":[{"id":16,"href":"https:\/\/blogs.sld.cu\/deteccionautismo\/wp-json\/wp\/v2\/posts\/1\/revisions\/16"}],"wp:attachment":[{"href":"https:\/\/blogs.sld.cu\/deteccionautismo\/wp-json\/wp\/v2\/media?parent=1"}],"wp:term":[{"taxonomy":"category","embeddable":true,"href":"https:\/\/blogs.sld.cu\/deteccionautismo\/wp-json\/wp\/v2\/categories?post=1"},{"taxonomy":"post_tag","embeddable":true,"href":"https:\/\/blogs.sld.cu\/deteccionautismo\/wp-json\/wp\/v2\/tags?post=1"}],"curies":[{"name":"wp","href":"https:\/\/api.w.org\/{rel}","templated":true}]}}