{"id":1282,"date":"2013-03-30T09:44:26","date_gmt":"2013-03-30T13:44:26","guid":{"rendered":"http:\/\/blogviejo.sld.cu\/elierortiz\/?p=1282"},"modified":"2020-03-29T20:13:29","modified_gmt":"2020-03-29T20:13:29","slug":"identificacion-de-las-estructuras-del-angulo","status":"publish","type":"post","link":"https:\/\/blogs.sld.cu\/elierortiz\/2013\/03\/30\/identificacion-de-las-estructuras-del-angulo\/","title":{"rendered":"Identificaci\u00f3n de las estructuras del \u00e1ngulo"},"content":{"rendered":"<p><span style=\"color: #0000ff\">1. <em>L\u00ednea de Schwalbe:<\/em> Es la estructura m\u00e1s anterior, que aparece como una l\u00ednea opaca.<\/span><\/p>\n<p><span style=\"color: #0000ff\">2. <em>Cu\u00f1a corneal:<\/em> \u00datil para localizar una l\u00ednea de Schwalbe invisible, de la siguiente forma: empleando un haz estrecho de la L\u00e1mpara de Hendidura, se pueden observar dos reflexiones lineales, una de la superficie externa de la c\u00f3rnea y su uni\u00f3n con la escler\u00f3tica y otra de la superficie interna de la c\u00f3rnea. Las dos reflexiones se encuentran en el v\u00e9rtice de la cu\u00f1a corneal que coincide con la L\u00ednea de Schwalbe.<\/span><\/p>\n<p style=\"text-align: center\"><span style=\"color: #0000ff\"><a style=\"color: #0000ff\" href=\"http:\/\/blogs.sld.cu\/elierortiz\/files\/2011\/04\/Cu\u00f1a-corneal.jpg\" target=\"_blank\"><img loading=\"lazy\" class=\"aligncenter\" src=\"http:\/\/blogs.sld.cu\/elierortiz\/files\/2011\/04\/Cu\u00f1a-corneal-300x192.jpg\" alt=\"\" width=\"260\" height=\"133\" \/><\/a><\/span><\/p>\n<p><span style=\"color: #0000ff\">3. <em>Trab\u00e9culum: <\/em>Se extiende desde la l\u00ednea de Schwalbe hasta el espol\u00f3n escleral. Goniosc\u00f3picamente tiene un aspecto de vidrio esmerilado y parece profundo. La pigmentaci\u00f3n trabecular es muy rara antes de la pubertad. En los ojos ancianos afecta al trab\u00e9culum posterior en una extensi\u00f3n variable y es m\u00e1s evidente en la parte inferior. La hiperpigmentaci\u00f3n trabecular patol\u00f3gica est\u00e1 causada por un derrame excesivo de pigmento de la capa posterior del iris.<\/span><\/p>\n<p><span style=\"color: #0000ff\">4.<em> Canal de Schlemm: <\/em>Se puede identificar a veces en ojos sin pigmentaci\u00f3n trabecular como una l\u00ednea ligeramente m\u00e1s oscura profunda en el trab\u00e9culum posterior. A veces se puede observar sangre en el Canal de Schlemm si la Goniolente comprime las venas epiesclerales de forma que la presi\u00f3n venosa epiescleral supera a la PIO.<\/span><\/p>\n<p><span style=\"color: #0000ff\">5.<em> Espol\u00f3n escleral:<\/em> Goniosc\u00f3picamente el espol\u00f3n escleral est\u00e1 situado justo por detr\u00e1s del trab\u00e9culum y aparece como una banda estrecha, densa, blanquecina y, a menudo, brillante. Es el punto de referencia m\u00e1s importante porque tiene un aspecto relativamente similar en ojos diferentes.<\/span><\/p>\n<p><span style=\"color: #0000ff\">6. <em>Cuerpo ciliar:<\/em> Sobresale justo por debajo del espol\u00f3n escleral como una banda de color entre rosa y marr\u00f3n opaco o gris pizarra. Su anchura depende de la posici\u00f3n de la inserci\u00f3n del iris y tiende a ser m\u00e1s estrecho en los ojos hiperm\u00e9tropes y m\u00e1s ancho en los ojos miopes.<\/span><\/p>\n<p><span style=\"color: #0000ff\"><strong>7.<\/strong> <em>Procesos del iris:<\/em> Son peque\u00f1as extensiones de la superficie anterior del iris que se insertan en el \u00e1rea del espol\u00f3n escleral y que cubren el cuerpo ciliar en varios grados.<\/span><\/p>\n<p><span style=\"color: #0000ff\">8. <em>Vasos sangu\u00edneos:<\/em> Se pueden observar a menudo en ojos sanos porque discurren siguiendo un patr\u00f3n radial en la base del receso angular. Los vasos sangu\u00edneos patol\u00f3gicos, que circulan aleatoriamente en varias direcciones, aparecen en:<\/span><\/p>\n<ul>\n<li><span style=\"color: #0000ff\">Glaucoma Neovascular.<\/span><\/li>\n<li><span style=\"color: #0000ff\">S\u00edndrome de Uve\u00edtis de Fuchs.<\/span><\/li>\n<li><span style=\"color: #0000ff\">Uve\u00edtis Anterior Cr\u00f3nica.<\/span><\/li>\n<\/ul>\n<p style=\"text-align: center\"><span style=\"color: #0000ff\"><a style=\"color: #0000ff\" title=\"Tomada de: Curso breve de L\u00e1mpara de Hendidura, Oftalmometr\u00eda, Tonometr\u00eda, Funduscopia y   Gonioscopia Autores: P\u00e9rez Camacho F, Guti\u00e9rrez Sevilla MA, Royo Sans M\" href=\"http:\/\/www.oftalmo.com\/enfermeria\/enfermeria2004\/fig14-14.jpg\" target=\"_blank\"><img loading=\"lazy\" class=\"aligncenter size-full wp-image-1012\" style=\"border: 2px solid black\" src=\"http:\/\/blogs.sld.cu\/elierortiz\/files\/2012\/04\/estructuras-del-\u00e1ngulo.jpg\" alt=\"\" width=\"243\" height=\"188\" \/><\/a><\/span><\/p>\n<h2 style=\"text-align: right\"><span style=\"color: #0000ff\"><a style=\"color: #0000ff\" href=\"https:\/\/blogs.sld.cu\/elierortiz\/\">Inicio<\/a><\/span><\/h2>\n","protected":false},"excerpt":{"rendered":"<p>1. L\u00ednea de Schwalbe: Es la estructura m\u00e1s anterior, que aparece como una l\u00ednea opaca. 2. Cu\u00f1a corneal: \u00datil para localizar una l\u00ednea de Schwalbe invisible, de la siguiente forma: empleando un haz estrecho de la L\u00e1mpara de Hendidura, se pueden observar dos reflexiones lineales, una de la superficie externa de la c\u00f3rnea y su [&hellip;]<\/p>\n","protected":false},"author":127,"featured_media":0,"comment_status":"closed","ping_status":"closed","sticky":false,"template":"","format":"standard","meta":[],"categories":[6],"tags":[17,22,30,41,48,61],"_links":{"self":[{"href":"https:\/\/blogs.sld.cu\/elierortiz\/wp-json\/wp\/v2\/posts\/1282"}],"collection":[{"href":"https:\/\/blogs.sld.cu\/elierortiz\/wp-json\/wp\/v2\/posts"}],"about":[{"href":"https:\/\/blogs.sld.cu\/elierortiz\/wp-json\/wp\/v2\/types\/post"}],"author":[{"embeddable":true,"href":"https:\/\/blogs.sld.cu\/elierortiz\/wp-json\/wp\/v2\/users\/127"}],"replies":[{"embeddable":true,"href":"https:\/\/blogs.sld.cu\/elierortiz\/wp-json\/wp\/v2\/comments?post=1282"}],"version-history":[{"count":4,"href":"https:\/\/blogs.sld.cu\/elierortiz\/wp-json\/wp\/v2\/posts\/1282\/revisions"}],"predecessor-version":[{"id":1854,"href":"https:\/\/blogs.sld.cu\/elierortiz\/wp-json\/wp\/v2\/posts\/1282\/revisions\/1854"}],"wp:attachment":[{"href":"https:\/\/blogs.sld.cu\/elierortiz\/wp-json\/wp\/v2\/media?parent=1282"}],"wp:term":[{"taxonomy":"category","embeddable":true,"href":"https:\/\/blogs.sld.cu\/elierortiz\/wp-json\/wp\/v2\/categories?post=1282"},{"taxonomy":"post_tag","embeddable":true,"href":"https:\/\/blogs.sld.cu\/elierortiz\/wp-json\/wp\/v2\/tags?post=1282"}],"curies":[{"name":"wp","href":"https:\/\/api.w.org\/{rel}","templated":true}]}}