{"id":1882,"date":"2020-03-29T23:33:12","date_gmt":"2020-03-29T23:33:12","guid":{"rendered":"http:\/\/blogs.sld.cu\/elierortiz\/?p=1882"},"modified":"2020-03-30T00:27:12","modified_gmt":"2020-03-30T00:27:12","slug":"se-confirma-el-enrojecimiento-de-los-ojos-como-nuevo-sintoma-del-coronavirus","status":"publish","type":"post","link":"https:\/\/blogs.sld.cu\/elierortiz\/2020\/03\/29\/se-confirma-el-enrojecimiento-de-los-ojos-como-nuevo-sintoma-del-coronavirus\/","title":{"rendered":"Se confirma el enrojecimiento de los ojos como nuevo s\u00edntoma del coronavirus"},"content":{"rendered":"<div class=\"field field--name-field-mg-paragraph field--type-entity-reference-revisions field--label-hidden field__items\">\n<div class=\"field__item\">\n<div class=\"paragraph paragraph--type--mg-parag-text-html paragraph--view-mode--default\">\n<div class=\"clearfix text-formatted field field--name-field-mg-body field--type-text-long field--label-hidden field__item\">\n<p style=\"text-align: justify\"><strong>ADN Cuba. 25 de marzo 2020<\/strong><\/p>\n<p style=\"text-align: justify\">Una enfermera en\u00a0<strong>Estados Unidos<\/strong>\u00a0reconoci\u00f3 el enrojecimiento de los ojos como un\u00a0 nuevo s\u00edntoma en los pacientes contagiados por el coronavirus.<\/p>\n<p style=\"text-align: justify\">La especialista\u00a0<strong>Chelsey Earnest<\/strong>, quien trabaja en el hospital\u00a0<strong>Life Care Center en Kirkland,<\/strong>\u00a0donde se origin\u00f3\u00a0 el brote por\u00a0<strong>COVID-19<\/strong>\u00a0en el estado de\u00a0<strong>Washington<\/strong>, explic\u00f3 que los ojos rojos eran \u201cla se\u00f1al m\u00e1s importante\u201d de los residentes que ten\u00edan\u00a0<strong>COVID-19<\/strong>, en entrevista con la multinacional de noticias CNN.<\/p>\n<p style=\"text-align: justify\"><strong>Earnest<\/strong>\u00a0atiende decenas de casos diarios y ha percibido dicho s\u00edntoma en un gran n\u00famero de pacientes.<\/p>\n<p style=\"text-align: justify\">\u201cEs algo que presenci\u00e9 en todos los pacientes. Tienen, como&#8230;\u00a0<strong>ojos de alergia<\/strong>. La parte blanca del ojo no es roja. Es m\u00e1s como si tuvieran una sombra de ojos roja en el exterior de sus ojos&#8221;, dijo la enfermera, quien destac\u00f3 que ha visto pacientes que presentan\u00a0<strong>coronavirus<\/strong>\u00a0y solo tienen como s\u00edntoma los ojos rojos.<\/p>\n<p style=\"text-align: justify\">El enrojecimiento de los ojos es otro nuevo s\u00edntoma de la enfermedad que ha cobrado miles de vidas en todo el mundo. En d\u00edas recientes se descubri\u00f3 que los pacientes tambi\u00e9n presentan p\u00e9rdida del olfato y el gusto, aparte de fiebre, tos seca y debilidad, tres de los principales signos del padecimiento por\u00a0\u00a0<strong>coronavirus<\/strong>.<\/p>\n<p style=\"text-align: justify\">La\u00a0<strong>Academia Americana de Oftalmolog\u00eda\u00a0<\/strong>suscribi\u00f3 las observaciones de\u00a0<strong>Earnest\u00a0<\/strong>y confirm\u00f3 que han recibido casos con molestias en los ojos.<\/p>\n<\/div>\n<\/div>\n<\/div>\n<div class=\"field__item\">\n<div class=\"paragraph paragraph--type--mg-parag-text-html paragraph--view-mode--default\">\n<div class=\"clearfix text-formatted field field--name-field-mg-body field--type-text-long field--label-hidden field__item\">\n<p style=\"text-align: justify\">\u201cVarios informes sugieren que el virus puede causar una\u00a0<strong>conjuntivitis folicular leve<\/strong>\u00a0que de otro modo no se puede distinguir de otras causas virales, y posiblemente se transmite por contacto de aerosol con la conjuntiva\u201d, expuso la prestigiosa instituci\u00f3n al lanzar una alerta a sus profesionales para que puedan identificar posibles casos de coronavirus.<\/p>\n<p style=\"text-align: justify\">\u201cPacientes que acuden a oftalm\u00f3logos por conjuntivitis, que tambi\u00e9n tienen fiebre y s\u00edntomas respiratorios, como tos y dificultad para respirar, y que han viajado recientemente internacionalmente, particularmente a \u00e1reas con brotes conocidos (<strong>China, Ir\u00e1n, Italia y Corea del Sur, o puntos calientes dentro de los Estados Unidos Estados<\/strong>), o con miembros de la familia que regresaron recientemente de una de estas \u00e1reas, podr\u00edan representar casos de COVID-19\u201d, se\u00f1ala el informe.<\/p>\n<p style=\"text-align: justify\">De ah\u00ed que las instituciones de salud recomiendan a los m\u00e9dicos protegerse la\u00a0<strong>boca, nariz y ojos<\/strong>\u00a0cuando atiendan a pacientes con la enfermedad.<\/p>\n<p style=\"text-align: justify\"><strong>Estados Unidos<\/strong>\u00a0es uno de los pa\u00edses con mayor\u00a0 n\u00famero de contagios por el\u00a0<strong>SARS-CoV-2<\/strong>\u00a0detr\u00e1s de Italia y Espa\u00f1a.\u00a0 Actualmente el pa\u00eds norte\u00f1o tiene m\u00e1s de\u00a0<strong>52.000<\/strong>\u00a0infectados y ha reportado 600 muertes.<\/p>\n<p style=\"text-align: justify\"><a href=\"https:\/\/www.redaccionmedica.com\/secciones\/sanidad-hoy\/coronavirus-sintomas-conjuntivitis-ojos-rojos-por-covid-19-7791\" target=\"_blank\">ADN, Cuba<\/a><\/p>\n<\/div>\n<\/div>\n<\/div>\n<\/div>\n<div class=\"field field--name-field-mg-tags field--type-entity-reference field--label-inline\"><\/div>\n","protected":false},"excerpt":{"rendered":"<p>ADN Cuba. 25 de marzo 2020 Una enfermera en\u00a0Estados Unidos\u00a0reconoci\u00f3 el enrojecimiento de los ojos como un\u00a0 nuevo s\u00edntoma en los pacientes contagiados por el coronavirus. La especialista\u00a0Chelsey Earnest, quien trabaja en el hospital\u00a0Life Care Center en Kirkland,\u00a0donde se origin\u00f3\u00a0 el brote por\u00a0COVID-19\u00a0en el estado de\u00a0Washington, explic\u00f3 que los ojos rojos eran \u201cla se\u00f1al m\u00e1s [&hellip;]<\/p>\n","protected":false},"author":127,"featured_media":0,"comment_status":"open","ping_status":"open","sticky":false,"template":"","format":"standard","meta":[],"categories":[3],"tags":[],"_links":{"self":[{"href":"https:\/\/blogs.sld.cu\/elierortiz\/wp-json\/wp\/v2\/posts\/1882"}],"collection":[{"href":"https:\/\/blogs.sld.cu\/elierortiz\/wp-json\/wp\/v2\/posts"}],"about":[{"href":"https:\/\/blogs.sld.cu\/elierortiz\/wp-json\/wp\/v2\/types\/post"}],"author":[{"embeddable":true,"href":"https:\/\/blogs.sld.cu\/elierortiz\/wp-json\/wp\/v2\/users\/127"}],"replies":[{"embeddable":true,"href":"https:\/\/blogs.sld.cu\/elierortiz\/wp-json\/wp\/v2\/comments?post=1882"}],"version-history":[{"count":3,"href":"https:\/\/blogs.sld.cu\/elierortiz\/wp-json\/wp\/v2\/posts\/1882\/revisions"}],"predecessor-version":[{"id":1888,"href":"https:\/\/blogs.sld.cu\/elierortiz\/wp-json\/wp\/v2\/posts\/1882\/revisions\/1888"}],"wp:attachment":[{"href":"https:\/\/blogs.sld.cu\/elierortiz\/wp-json\/wp\/v2\/media?parent=1882"}],"wp:term":[{"taxonomy":"category","embeddable":true,"href":"https:\/\/blogs.sld.cu\/elierortiz\/wp-json\/wp\/v2\/categories?post=1882"},{"taxonomy":"post_tag","embeddable":true,"href":"https:\/\/blogs.sld.cu\/elierortiz\/wp-json\/wp\/v2\/tags?post=1882"}],"curies":[{"name":"wp","href":"https:\/\/api.w.org\/{rel}","templated":true}]}}