{"id":609,"date":"2012-07-30T02:16:23","date_gmt":"2012-07-30T02:16:23","guid":{"rendered":"http:\/\/blogs.sld.cu\/hectorhs\/?p=609"},"modified":"2015-01-30T02:24:37","modified_gmt":"2015-01-30T02:24:37","slug":"audiological-and-electrophysiological-assessment-of-professional-poprock-musicians","status":"publish","type":"post","link":"https:\/\/blogs.sld.cu\/hectorhs\/2012\/07\/30\/audiological-and-electrophysiological-assessment-of-professional-poprock-musicians\/","title":{"rendered":"Audiological and electrophysiological assessment of professional pop\/rock musicians"},"content":{"rendered":"<p><a href=\"http:\/\/blogs.sld.cu\/hectorhs\/files\/2012\/07\/musica_ruido.gif\"><img loading=\"lazy\" class=\"alignleft size-full wp-image-611\" style=\"border: 0px none\" src=\"http:\/\/blogs.sld.cu\/hectorhs\/files\/2012\/07\/musica_ruido.gif\" alt=\"\" width=\"80\" height=\"96\" \/><\/a>En el art\u00edculo <a href=\"http:\/\/www.noiseandhealth.org\/article.asp?issn=1463-1741;year=2012;volume=14;issue=56;spage=6;epage=12;aulast=Samelli\">Audiological and electrophysiological assessment of professional pop\/rock musicians<\/a> de los autores Alessandra G Samelli, Carla G Matas, Renata M. M. Carvallo, Raquel F Gomes, Carolina S de Beija, Fernanda C. L. Magliaro, Camila M Rabelo publicado en la revista digital <strong>Noise and Health<\/strong>. Vol. 14, No 56, 2012: 6-12 se realiza una evaluaci\u00f3n de las v\u00edas auditivas perif\u00e9ricas y centrales en m\u00fasicos profesionales (con y sin p\u00e9rdida de la audici\u00f3n) en comparaci\u00f3n a los no m\u00fasicos, con el objetivo de verificar si la exposici\u00f3n a la m\u00fasica podr\u00eda afectar todos los componentes de las v\u00edas auditivas. Se concluye que la poblaci\u00f3n de m\u00fasicos presenta riesgo de desarrollar p\u00e9rdida auditiva inducida por la m\u00fasica, sin embargo, la evaluaci\u00f3n electrofisiol\u00f3gica demostr\u00f3 que la latencia de las ondas de\u00a0 ABR y P300\u00a0 disminuyeron en los m\u00fasicos, lo que sugiere que el entrenamiento auditivo al que est\u00e1n expuestos act\u00faa como facilitador en la transmisi\u00f3n de la se\u00f1al ac\u00fastica hacia la corteza.<\/p>\n","protected":false},"excerpt":{"rendered":"<p>En el art\u00edculo Audiological and electrophysiological assessment of professional pop\/rock musicians de los autores Alessandra G Samelli, Carla G Matas, Renata M. M. Carvallo, Raquel F Gomes, Carolina S de Beija, Fernanda C. L. Magliaro, Camila M Rabelo publicado en la revista digital Noise and Health. Vol. 14, No 56, 2012: 6-12 se realiza una [&hellip;]<\/p>\n","protected":false},"author":131,"featured_media":0,"comment_status":"open","ping_status":"open","sticky":false,"template":"","format":"standard","meta":[],"categories":[24],"tags":[72,38],"_links":{"self":[{"href":"https:\/\/blogs.sld.cu\/hectorhs\/wp-json\/wp\/v2\/posts\/609"}],"collection":[{"href":"https:\/\/blogs.sld.cu\/hectorhs\/wp-json\/wp\/v2\/posts"}],"about":[{"href":"https:\/\/blogs.sld.cu\/hectorhs\/wp-json\/wp\/v2\/types\/post"}],"author":[{"embeddable":true,"href":"https:\/\/blogs.sld.cu\/hectorhs\/wp-json\/wp\/v2\/users\/131"}],"replies":[{"embeddable":true,"href":"https:\/\/blogs.sld.cu\/hectorhs\/wp-json\/wp\/v2\/comments?post=609"}],"version-history":[{"count":3,"href":"https:\/\/blogs.sld.cu\/hectorhs\/wp-json\/wp\/v2\/posts\/609\/revisions"}],"predecessor-version":[{"id":613,"href":"https:\/\/blogs.sld.cu\/hectorhs\/wp-json\/wp\/v2\/posts\/609\/revisions\/613"}],"wp:attachment":[{"href":"https:\/\/blogs.sld.cu\/hectorhs\/wp-json\/wp\/v2\/media?parent=609"}],"wp:term":[{"taxonomy":"category","embeddable":true,"href":"https:\/\/blogs.sld.cu\/hectorhs\/wp-json\/wp\/v2\/categories?post=609"},{"taxonomy":"post_tag","embeddable":true,"href":"https:\/\/blogs.sld.cu\/hectorhs\/wp-json\/wp\/v2\/tags?post=609"}],"curies":[{"name":"wp","href":"https:\/\/api.w.org\/{rel}","templated":true}]}}