{"id":660,"date":"2015-03-02T00:26:09","date_gmt":"2015-03-02T00:26:09","guid":{"rendered":"http:\/\/blogs.sld.cu\/hectorhs\/?p=660"},"modified":"2015-09-02T01:55:37","modified_gmt":"2015-09-02T01:55:37","slug":"dia-internacional-del-cuidado-del-oido-y-la-audicion-2015","status":"publish","type":"post","link":"https:\/\/blogs.sld.cu\/hectorhs\/2015\/03\/02\/dia-internacional-del-cuidado-del-oido-y-la-audicion-2015\/","title":{"rendered":"D\u00eda Internacional del Cuidado del O\u00eddo y la Audici\u00f3n 2015"},"content":{"rendered":"<p><a href=\"http:\/\/blogs.sld.cu\/hectorhs\/files\/2015\/03\/Dia-de-la-audici\u00f3n.gif\"><img loading=\"lazy\" class=\"alignleft size-full wp-image-661\" style=\"border: 0px none\" src=\"http:\/\/blogs.sld.cu\/hectorhs\/files\/2015\/03\/Dia-de-la-audici\u00f3n.gif\" alt=\"D\u00eda internacional del cuidado del o\u00eddo y la audici\u00f3n\" width=\"100\" height=\"98\" \/><\/a>Como parte de las actividades por el <a href=\"http:\/\/www.who.int\/pbd\/deafness\/news\/IECD\/en\/\"><strong>D\u00eda Internacional del Cuidado del O\u00eddo y la Audici\u00f3n 2015<\/strong><\/a>, se ha escogido el lema <em>\u00abEscucha de forma segura\u00bb<\/em> con el prop\u00f3sito de llamar la atenci\u00f3n sobre el creciente problema de la p\u00e9rdida de audici\u00f3n inducida por el ruido. Es alarmante que millones de adolescentes y j\u00f3venes est\u00e1n en riesgo de p\u00e9rdida de la audici\u00f3n debido al abuso de los dispositivos de audio personales, incluyendo tel\u00e9fonos inteligentes, y la exposici\u00f3n a niveles perjudiciales de sonido en lugares de ocio ruidosos tales como discotecas, bares y eventos culturales y deportivos. Se destaca que dicha p\u00e9rdida auditiva por causas recreativas tiene consecuencias potencialmente devastadoras para la salud f\u00edsica y mental, la educaci\u00f3n y el empleo. (ver <a href=\"http:\/\/www.who.int\/entity\/pbd\/deafness\/activities\/1706_PBD_leaftlet_A4_Spanish_lowres_for_web170215.pdf\">tips en espa\u00f1ol<\/a>, <a href=\"http:\/\/www.who.int\/entity\/pbd\/deafness\/activities\/MLS_main_infographic_A4_lowres_for_web.pdf\">infograf\u00eda en ingl\u00e9s<\/a>)<\/p>\n<p>La costumbre emergente de escuchar m\u00fasica a gran volumen y por periodos prolongados supone una seria amenaza para la audici\u00f3n. La audici\u00f3n es una facultad muy valiosa que repercute en el desarrollo educativo, profesional y social.<\/p>\n<ul>\n<li>La Organizaci\u00f3n Mundial de la Salud (OMS) estima que 1.1 billones de j\u00f3venes en el mundo tienen riesgo de presentar p\u00e9rdida auditiva debido a pr\u00e1cticas de\u00a0 escucha de riesgo<\/li>\n<li>M\u00e1s de 43 millones de j\u00f3venes entre 12 &#8211; 35 a\u00f1os viven con discapacidad auditiva<\/li>\n<li>Cerca del 50 % de los j\u00f3venes entre 12 &#8211; 35 a\u00f1os escuchan niveles de sonido poco seguros a trav\u00e9s de dispositivos de audio personales (mp3, tel\u00e9fonos celulares y otros dispositivos)<\/li>\n<li>Alrededor del 40 % de los j\u00f3venes entre 12 &#8211; 35 a\u00f1os est\u00e1n expuestos a niveles potencialmente perjudiciales del sonido en clubes nocturnos, bares y eventos deportivos)<\/li>\n<\/ul>\n","protected":false},"excerpt":{"rendered":"<p>Como parte de las actividades por el D\u00eda Internacional del Cuidado del O\u00eddo y la Audici\u00f3n 2015, se ha escogido el lema \u00abEscucha de forma segura\u00bb con el prop\u00f3sito de llamar la atenci\u00f3n sobre el creciente problema de la p\u00e9rdida de audici\u00f3n inducida por el ruido. Es alarmante que millones de adolescentes y j\u00f3venes est\u00e1n [&hellip;]<\/p>\n","protected":false},"author":131,"featured_media":0,"comment_status":"open","ping_status":"open","sticky":false,"template":"","format":"standard","meta":[],"categories":[29,105],"tags":[107,50],"_links":{"self":[{"href":"https:\/\/blogs.sld.cu\/hectorhs\/wp-json\/wp\/v2\/posts\/660"}],"collection":[{"href":"https:\/\/blogs.sld.cu\/hectorhs\/wp-json\/wp\/v2\/posts"}],"about":[{"href":"https:\/\/blogs.sld.cu\/hectorhs\/wp-json\/wp\/v2\/types\/post"}],"author":[{"embeddable":true,"href":"https:\/\/blogs.sld.cu\/hectorhs\/wp-json\/wp\/v2\/users\/131"}],"replies":[{"embeddable":true,"href":"https:\/\/blogs.sld.cu\/hectorhs\/wp-json\/wp\/v2\/comments?post=660"}],"version-history":[{"count":2,"href":"https:\/\/blogs.sld.cu\/hectorhs\/wp-json\/wp\/v2\/posts\/660\/revisions"}],"predecessor-version":[{"id":701,"href":"https:\/\/blogs.sld.cu\/hectorhs\/wp-json\/wp\/v2\/posts\/660\/revisions\/701"}],"wp:attachment":[{"href":"https:\/\/blogs.sld.cu\/hectorhs\/wp-json\/wp\/v2\/media?parent=660"}],"wp:term":[{"taxonomy":"category","embeddable":true,"href":"https:\/\/blogs.sld.cu\/hectorhs\/wp-json\/wp\/v2\/categories?post=660"},{"taxonomy":"post_tag","embeddable":true,"href":"https:\/\/blogs.sld.cu\/hectorhs\/wp-json\/wp\/v2\/tags?post=660"}],"curies":[{"name":"wp","href":"https:\/\/api.w.org\/{rel}","templated":true}]}}