{"id":1,"date":"2021-04-13T17:53:42","date_gmt":"2021-04-13T17:53:42","guid":{"rendered":"http:\/\/blogs.sld.cu\/ictus\/?p=1"},"modified":"2021-12-06T21:38:17","modified_gmt":"2021-12-06T21:38:17","slug":"hola-mundo","status":"publish","type":"post","link":"https:\/\/blogs.sld.cu\/ictus\/2021\/04\/13\/hola-mundo\/","title":{"rendered":"Inicio"},"content":{"rendered":"<p><a href=\"http:\/\/blogs.sld.cu\/ictus\/files\/2021\/04\/danoerebral-eictus.jpg\"><img loading=\"lazy\" class=\"alignnone wp-image-54\" src=\"http:\/\/blogs.sld.cu\/ictus\/files\/2021\/04\/danoerebral-eictus.jpg\" alt=\"IIctus o enfermedad cerebrovascularnfarto cerebral\" width=\"489\" height=\"275\" srcset=\"https:\/\/blogs.sld.cu\/ictus\/files\/2021\/04\/danoerebral-eictus.jpg 1280w, https:\/\/blogs.sld.cu\/ictus\/files\/2021\/04\/danoerebral-eictus-300x169.jpg 300w, https:\/\/blogs.sld.cu\/ictus\/files\/2021\/04\/danoerebral-eictus-1024x576.jpg 1024w, https:\/\/blogs.sld.cu\/ictus\/files\/2021\/04\/danoerebral-eictus-768x432.jpg 768w, https:\/\/blogs.sld.cu\/ictus\/files\/2021\/04\/danoerebral-eictus-250x141.jpg 250w\" sizes=\"(max-width: 489px) 100vw, 489px\" \/><\/a><\/p>\n<p>Birnvenidos al sitio de Ictus, del <strong>Portal de Enfermedades<\/strong> de la <strong>Red de portales de Infomed<\/strong>. El Centro de Informaci\u00f3n de Ciencias M\u00e9dicas, Infomed, est\u00e1 constituido por personas e instituciones que trabajan para que el conocimiento sanitario llegue a todos.<\/p>\n<p>Este sitio, est\u00e1 dise\u00f1ado para la poblaci\u00f3n en general, los pacientes y sus familiares, para que encuentren informaci\u00f3n \u00fatil sobre las enfermedades cerebrovasculares, que les ayude a comprender la enfermedad, sus causas, s\u00edntomas, diagn\u00f3stico, tratamiento y medidas preventivas, con lo que pretendemos ayudarlo a que conociendo la enfermedad pueda tener un mejor manejo de ella, si la padece o si est\u00e1 presente en un familiar o amigo.<\/p>\n<p>El editor del sitio es el <a href=\"https:\/\/blogs.sld.cu\/ictus\/dr-cm-javier-vicente-sanchez-lopez\/\">Dr. Javier Vicente S\u00e1nchez L\u00f3pez<\/a>, que los conducir\u00e1 por las p\u00e1ginas de forma educativa e interactiva<\/p>\n","protected":false},"excerpt":{"rendered":"<p>Birnvenidos al sitio de Ictus, del Portal de Enfermedades de la Red de portales de Infomed. El Centro de Informaci\u00f3n de Ciencias M\u00e9dicas, Infomed, est\u00e1 constituido por personas e instituciones que trabajan para que el conocimiento sanitario llegue a todos. Este sitio, est\u00e1 dise\u00f1ado para la poblaci\u00f3n en general, los pacientes y sus familiares, para [&hellip;]<\/p>\n","protected":false},"author":211,"featured_media":0,"comment_status":"closed","ping_status":"open","sticky":false,"template":"","format":"standard","meta":[],"categories":[1],"tags":[],"_links":{"self":[{"href":"https:\/\/blogs.sld.cu\/ictus\/wp-json\/wp\/v2\/posts\/1"}],"collection":[{"href":"https:\/\/blogs.sld.cu\/ictus\/wp-json\/wp\/v2\/posts"}],"about":[{"href":"https:\/\/blogs.sld.cu\/ictus\/wp-json\/wp\/v2\/types\/post"}],"author":[{"embeddable":true,"href":"https:\/\/blogs.sld.cu\/ictus\/wp-json\/wp\/v2\/users\/211"}],"replies":[{"embeddable":true,"href":"https:\/\/blogs.sld.cu\/ictus\/wp-json\/wp\/v2\/comments?post=1"}],"version-history":[{"count":10,"href":"https:\/\/blogs.sld.cu\/ictus\/wp-json\/wp\/v2\/posts\/1\/revisions"}],"predecessor-version":[{"id":182,"href":"https:\/\/blogs.sld.cu\/ictus\/wp-json\/wp\/v2\/posts\/1\/revisions\/182"}],"wp:attachment":[{"href":"https:\/\/blogs.sld.cu\/ictus\/wp-json\/wp\/v2\/media?parent=1"}],"wp:term":[{"taxonomy":"category","embeddable":true,"href":"https:\/\/blogs.sld.cu\/ictus\/wp-json\/wp\/v2\/categories?post=1"},{"taxonomy":"post_tag","embeddable":true,"href":"https:\/\/blogs.sld.cu\/ictus\/wp-json\/wp\/v2\/tags?post=1"}],"curies":[{"name":"wp","href":"https:\/\/api.w.org\/{rel}","templated":true}]}}