{"id":1249,"date":"2014-07-22T19:33:21","date_gmt":"2014-07-22T19:33:21","guid":{"rendered":"http:\/\/blogs.sld.cu\/inmuno\/?p=1249"},"modified":"2014-07-22T19:33:21","modified_gmt":"2014-07-22T19:33:21","slug":"documento-de-consenso-para-el-seguimiento-de-la-infeccion-por-el-virus-de-la-inmunodeficiencia-humana-en-relacion-con-la-reproduccion-el-embarazo-el-parto-y-la-profilaxis-de-la-transmision-vertical","status":"publish","type":"post","link":"https:\/\/blogs.sld.cu\/inmuno\/2014\/07\/22\/documento-de-consenso-para-el-seguimiento-de-la-infeccion-por-el-virus-de-la-inmunodeficiencia-humana-en-relacion-con-la-reproduccion-el-embarazo-el-parto-y-la-profilaxis-de-la-transmision-vertical\/","title":{"rendered":"Documento de consenso para el seguimiento de la infecci\u00f3n por el virus de la inmunodeficiencia humana en relaci\u00f3n con la reproducci\u00f3n, el embarazo, el parto y la profilaxis de la transmisi\u00f3n vertical del ni\u00f1o expuesto"},"content":{"rendered":"<p><a href=\"http:\/\/zl.elsevier.es\/es\/revista\/enfermedades-infecciosas-microbiologia-clinica-28\/articulo\/documento-consenso-el-seguimiento-infeccion-90303845\" target=\"_blank\">Enfermedades Infecciosas y Microbiolog\u00eda Cl\u00ednica Mayo 2014;32(05)<\/a>.<\/p>\n","protected":false},"excerpt":{"rendered":"<p>Enfermedades Infecciosas y Microbiolog\u00eda Cl\u00ednica Mayo 2014;32(05).<\/p>\n","protected":false},"author":125,"featured_media":0,"comment_status":"open","ping_status":"open","sticky":false,"template":"","format":"standard","meta":[],"categories":[13,20,23,26,28,41],"tags":[],"_links":{"self":[{"href":"https:\/\/blogs.sld.cu\/inmuno\/wp-json\/wp\/v2\/posts\/1249"}],"collection":[{"href":"https:\/\/blogs.sld.cu\/inmuno\/wp-json\/wp\/v2\/posts"}],"about":[{"href":"https:\/\/blogs.sld.cu\/inmuno\/wp-json\/wp\/v2\/types\/post"}],"author":[{"embeddable":true,"href":"https:\/\/blogs.sld.cu\/inmuno\/wp-json\/wp\/v2\/users\/125"}],"replies":[{"embeddable":true,"href":"https:\/\/blogs.sld.cu\/inmuno\/wp-json\/wp\/v2\/comments?post=1249"}],"version-history":[{"count":2,"href":"https:\/\/blogs.sld.cu\/inmuno\/wp-json\/wp\/v2\/posts\/1249\/revisions"}],"predecessor-version":[{"id":1251,"href":"https:\/\/blogs.sld.cu\/inmuno\/wp-json\/wp\/v2\/posts\/1249\/revisions\/1251"}],"wp:attachment":[{"href":"https:\/\/blogs.sld.cu\/inmuno\/wp-json\/wp\/v2\/media?parent=1249"}],"wp:term":[{"taxonomy":"category","embeddable":true,"href":"https:\/\/blogs.sld.cu\/inmuno\/wp-json\/wp\/v2\/categories?post=1249"},{"taxonomy":"post_tag","embeddable":true,"href":"https:\/\/blogs.sld.cu\/inmuno\/wp-json\/wp\/v2\/tags?post=1249"}],"curies":[{"name":"wp","href":"https:\/\/api.w.org\/{rel}","templated":true}]}}