{"id":1948,"date":"2015-11-24T14:48:15","date_gmt":"2015-11-24T14:48:15","guid":{"rendered":"http:\/\/blogs.sld.cu\/inmuno\/?p=1948"},"modified":"2015-11-24T14:48:15","modified_gmt":"2015-11-24T14:48:15","slug":"diagnostico-microbiologico-de-la-infeccion-por-el-virus-de-la-inmunodeficiencia-humana","status":"publish","type":"post","link":"https:\/\/blogs.sld.cu\/inmuno\/2015\/11\/24\/diagnostico-microbiologico-de-la-infeccion-por-el-virus-de-la-inmunodeficiencia-humana\/","title":{"rendered":"Diagn\u00f3stico microbiol\u00f3gico de la infecci\u00f3n por el virus de la inmunodeficiencia humana"},"content":{"rendered":"<p><a href=\"http:\/\/www.elsevier.es\/es-revista-enfermedades-infecciosas-microbiologia-clinica-28-articulo-diagnostico-microbiologico-infeccion-por-el-90439518\" target=\"_blank\">Enferm Infecc Microbiol Clin. 2015 Oct;33(8):e44-52<\/a><\/p>\n","protected":false},"excerpt":{"rendered":"<p>Enferm Infecc Microbiol Clin. 2015 Oct;33(8):e44-52<\/p>\n","protected":false},"author":125,"featured_media":0,"comment_status":"open","ping_status":"open","sticky":false,"template":"","format":"standard","meta":[],"categories":[13,20,23,26,41],"tags":[],"_links":{"self":[{"href":"https:\/\/blogs.sld.cu\/inmuno\/wp-json\/wp\/v2\/posts\/1948"}],"collection":[{"href":"https:\/\/blogs.sld.cu\/inmuno\/wp-json\/wp\/v2\/posts"}],"about":[{"href":"https:\/\/blogs.sld.cu\/inmuno\/wp-json\/wp\/v2\/types\/post"}],"author":[{"embeddable":true,"href":"https:\/\/blogs.sld.cu\/inmuno\/wp-json\/wp\/v2\/users\/125"}],"replies":[{"embeddable":true,"href":"https:\/\/blogs.sld.cu\/inmuno\/wp-json\/wp\/v2\/comments?post=1948"}],"version-history":[{"count":1,"href":"https:\/\/blogs.sld.cu\/inmuno\/wp-json\/wp\/v2\/posts\/1948\/revisions"}],"predecessor-version":[{"id":1949,"href":"https:\/\/blogs.sld.cu\/inmuno\/wp-json\/wp\/v2\/posts\/1948\/revisions\/1949"}],"wp:attachment":[{"href":"https:\/\/blogs.sld.cu\/inmuno\/wp-json\/wp\/v2\/media?parent=1948"}],"wp:term":[{"taxonomy":"category","embeddable":true,"href":"https:\/\/blogs.sld.cu\/inmuno\/wp-json\/wp\/v2\/categories?post=1948"},{"taxonomy":"post_tag","embeddable":true,"href":"https:\/\/blogs.sld.cu\/inmuno\/wp-json\/wp\/v2\/tags?post=1948"}],"curies":[{"name":"wp","href":"https:\/\/api.w.org\/{rel}","templated":true}]}}