{"id":1379,"date":"2012-01-30T15:07:03","date_gmt":"2012-01-30T20:07:03","guid":{"rendered":"http:\/\/blogviejo.sld.cu\/inorbib\/?p=1379"},"modified":"2012-01-30T15:07:03","modified_gmt":"2012-01-30T20:07:03","slug":"el-buen-uso-del-espanol","status":"publish","type":"post","link":"https:\/\/blogs.sld.cu\/inorbib\/2012\/01\/30\/el-buen-uso-del-espanol\/","title":{"rendered":"El buen uso del espa\u00f1ol"},"content":{"rendered":"<p>La locuci\u00f3n <strong>en base a,<\/strong> <strong>debe evitarse<\/strong> y sustituirse por sobre la base de, en funci\u00f3n de, bas\u00e1ndose en, a partir de, de acuerdo con, con base en oseg\u00fan.<br \/>\nEn muchas noticias se emplea en base a, una locuci\u00f3n impropia en la que no est\u00e1 justificado el uso de las preposiciones en y a: \u00abEl servicio israel\u00ed se\u00f1al\u00f3, en base a fuentes palestinas, que hubo una ola de ataques&#8230;\u00bb;  \u00abEsa cifra se concretar\u00e1 en otra reuni\u00f3n la pr\u00f3xima semana en base a la valoraci\u00f3n&#8230;\u00bb.<br \/>\nPara decir que aquello de lo que se habla se hace con apoyo o fundamento en algo, pueden emplearse sobre la base de, en funci\u00f3n de, bas\u00e1ndose en, a partir de, de acuerdo con, con base en o seg\u00fan.<br \/>\nAs\u00ed pues, los ejemplos anteriores deber\u00edan haberse escrito, por ejemplo, de la siguiente forma: \u00abEl servicio israel\u00ed se\u00f1al\u00f3, bas\u00e1ndose en fuentes palestinas, que hubo una ola de ataques&#8230;\u00bb;  \u00abEsa cifra se concretar\u00e1 en otra reuni\u00f3n la pr\u00f3xima semana de acuerdo con  la valoraci\u00f3n&#8230;\u00bb.<br \/>\nTomado de : Fundaci\u00f3n BBVA. Fundaci\u00f3n del espa\u00f1ol urgente<br \/>\nFundaci\u00f3n patrocinada por al Efe y BBA y asesorada por la RAE cuyo objetivo es el buen uso del espa\u00f1ol<\/p>\n","protected":false},"excerpt":{"rendered":"<p>La locuci\u00f3n en base a, debe evitarse y sustituirse por sobre la base de, en funci\u00f3n de, bas\u00e1ndose en, a partir de, de acuerdo con, con base en oseg\u00fan. En muchas noticias se emplea en base a, una locuci\u00f3n impropia en la que no est\u00e1 justificado el uso de las preposiciones en y a: \u00abEl [&hellip;]<\/p>\n","protected":false},"author":176,"featured_media":0,"comment_status":"closed","ping_status":"closed","sticky":false,"template":"","format":"standard","meta":[],"categories":[8],"tags":[],"_links":{"self":[{"href":"https:\/\/blogs.sld.cu\/inorbib\/wp-json\/wp\/v2\/posts\/1379"}],"collection":[{"href":"https:\/\/blogs.sld.cu\/inorbib\/wp-json\/wp\/v2\/posts"}],"about":[{"href":"https:\/\/blogs.sld.cu\/inorbib\/wp-json\/wp\/v2\/types\/post"}],"author":[{"embeddable":true,"href":"https:\/\/blogs.sld.cu\/inorbib\/wp-json\/wp\/v2\/users\/176"}],"replies":[{"embeddable":true,"href":"https:\/\/blogs.sld.cu\/inorbib\/wp-json\/wp\/v2\/comments?post=1379"}],"version-history":[{"count":0,"href":"https:\/\/blogs.sld.cu\/inorbib\/wp-json\/wp\/v2\/posts\/1379\/revisions"}],"wp:attachment":[{"href":"https:\/\/blogs.sld.cu\/inorbib\/wp-json\/wp\/v2\/media?parent=1379"}],"wp:term":[{"taxonomy":"category","embeddable":true,"href":"https:\/\/blogs.sld.cu\/inorbib\/wp-json\/wp\/v2\/categories?post=1379"},{"taxonomy":"post_tag","embeddable":true,"href":"https:\/\/blogs.sld.cu\/inorbib\/wp-json\/wp\/v2\/tags?post=1379"}],"curies":[{"name":"wp","href":"https:\/\/api.w.org\/{rel}","templated":true}]}}