{"id":2605,"date":"2015-04-29T15:59:05","date_gmt":"2015-04-29T15:59:05","guid":{"rendered":"http:\/\/blogs.sld.cu\/inorbib\/?p=2605"},"modified":"2015-04-29T15:59:05","modified_gmt":"2015-04-29T15:59:05","slug":"29-de-abril-el-dia-de-la-inmunologia","status":"publish","type":"post","link":"https:\/\/blogs.sld.cu\/inorbib\/2015\/04\/29\/29-de-abril-el-dia-de-la-inmunologia\/","title":{"rendered":"29 de abril,  el D\u00eda de la Inmunolog\u00eda"},"content":{"rendered":"<p><a href=\"http:\/\/blogs.sld.cu\/inorbib\/files\/2015\/04\/salud.jpg\"><img loading=\"lazy\" class=\"alignleft  wp-image-2606\" src=\"http:\/\/blogs.sld.cu\/inorbib\/files\/2015\/04\/salud-150x150.jpg\" alt=\"\" width=\"103\" height=\"99\" \/><\/a><\/p>\n<p class=\"MsoNormal\">\u00a0 El 29 de abril se celebra el D\u00eda de la Inmunolog\u00eda, una iniciativa promovida en el a\u00f1o 2005 por la <a title=\"Sitio de EFIS\" href=\"https:\/\/www.efis.org\/\" target=\"_blank\">Federaci\u00f3n Europea de Sociedades de Inmunolog\u00eda<\/a> y acogida internacionalmente desde 2007. Se trata de un esfuerzo global para divulgar los beneficios de la investigaci\u00f3n en inmunolog\u00eda, incrementar los conocimientos sobre esta ciencia y destacar la importancia de la inmunidad en la lucha contra las enfermedades, la prevenci\u00f3n de\u00a0 muertes y discapacidades y la promoci\u00f3n de salud. Este a\u00f1o coincide con la <a title=\"OPS - Semana de la Vacunaci\u00f3n\" href=\"http:\/\/www.paho.org\/hq\/index.php?option=com_content&amp;view=article&amp;id=10773%3Avaccination-week-in-the-americas-will-target-60-million&amp;Itemid=1926&amp;lang=es\" target=\"_blank\">Semana de Vacunaci\u00f3n en las Am\u00e9ricas<\/a> (25 de abril al 2 de mayo), feliz conjunci\u00f3n porque la inmunizaci\u00f3n es uno de los hechos fundadores de la especialidad y una de las medidas sanitarias derivadas de esta ciencia de mayor impacto en t\u00e9rminos de salud p\u00fablica.<br \/>\nEn Cuba, un extenso n\u00famero de profesionales y t\u00e9cnicos laboran como parte de comunidades vinculadas a la inmunolog\u00eda en centros de investigaci\u00f3n, producci\u00f3n, asistenciales y docentes.<\/p>\n<p><em>Tomado en parte del Sitio de inmunolog\u00eda<\/em><\/p>\n","protected":false},"excerpt":{"rendered":"<p>\u00a0 El 29 de abril se celebra el D\u00eda de la Inmunolog\u00eda, una iniciativa promovida en el a\u00f1o 2005 por la Federaci\u00f3n Europea de Sociedades de Inmunolog\u00eda y acogida internacionalmente desde 2007. Se trata de un esfuerzo global para divulgar los beneficios de la investigaci\u00f3n en inmunolog\u00eda, incrementar los conocimientos sobre esta ciencia y destacar [&hellip;]<\/p>\n","protected":false},"author":176,"featured_media":0,"comment_status":"open","ping_status":"open","sticky":false,"template":"","format":"standard","meta":[],"categories":[1],"tags":[],"_links":{"self":[{"href":"https:\/\/blogs.sld.cu\/inorbib\/wp-json\/wp\/v2\/posts\/2605"}],"collection":[{"href":"https:\/\/blogs.sld.cu\/inorbib\/wp-json\/wp\/v2\/posts"}],"about":[{"href":"https:\/\/blogs.sld.cu\/inorbib\/wp-json\/wp\/v2\/types\/post"}],"author":[{"embeddable":true,"href":"https:\/\/blogs.sld.cu\/inorbib\/wp-json\/wp\/v2\/users\/176"}],"replies":[{"embeddable":true,"href":"https:\/\/blogs.sld.cu\/inorbib\/wp-json\/wp\/v2\/comments?post=2605"}],"version-history":[{"count":1,"href":"https:\/\/blogs.sld.cu\/inorbib\/wp-json\/wp\/v2\/posts\/2605\/revisions"}],"predecessor-version":[{"id":2607,"href":"https:\/\/blogs.sld.cu\/inorbib\/wp-json\/wp\/v2\/posts\/2605\/revisions\/2607"}],"wp:attachment":[{"href":"https:\/\/blogs.sld.cu\/inorbib\/wp-json\/wp\/v2\/media?parent=2605"}],"wp:term":[{"taxonomy":"category","embeddable":true,"href":"https:\/\/blogs.sld.cu\/inorbib\/wp-json\/wp\/v2\/categories?post=2605"},{"taxonomy":"post_tag","embeddable":true,"href":"https:\/\/blogs.sld.cu\/inorbib\/wp-json\/wp\/v2\/tags?post=2605"}],"curies":[{"name":"wp","href":"https:\/\/api.w.org\/{rel}","templated":true}]}}