{"id":3127,"date":"2017-12-01T16:13:24","date_gmt":"2017-12-01T16:13:24","guid":{"rendered":"http:\/\/blogs.sld.cu\/inorbib\/?p=3127"},"modified":"2017-12-01T16:14:30","modified_gmt":"2017-12-01T16:14:30","slug":"felicidades-dia-de-la-medicina-latinoamericana-y-del-trabajador-de-la-salud","status":"publish","type":"post","link":"https:\/\/blogs.sld.cu\/inorbib\/2017\/12\/01\/felicidades-dia-de-la-medicina-latinoamericana-y-del-trabajador-de-la-salud\/","title":{"rendered":"FELICIDADES D\u00eda de la Medicina Latinoamericana y del Trabajador de la Salud."},"content":{"rendered":"<p>FELICIDADES<br \/>\nD\u00eda de la Medicina Latinoamericana y del Trabajador de la Salud.<\/p>\n<p>As\u00ed como lo hizo Carlos Juan Finlay en su tiempo, d\u00eda a d\u00eda los m\u00e9dicos y el personal de la salud cumplen con la loable labor de transformar la medicina en pro del bienestar general. Por lo tanto, desde la biblioteca del INOR especiales felicitaciones a todos nuestros m\u00e9dicos y trabajadores de la salud los  que d\u00eda a d\u00eda hacen de la medicina un campo vital  en la construcci\u00f3n y desarrollo de la sociedad.<\/p>\n<p>Origen del D\u00eda Panamericano de la salud.<br \/>\n\u00a8En 1953 la Organizaci\u00f3n Panamericana de la Salud (OPS) en el Congreso Panamericano de Dallas proclam\u00f3 el 3 de diciembre como D\u00eda Panamericano del M\u00e9dico.<\/p>\n<p>D\u00eda Panamericano del M\u00e9dico<br \/>\nLa Organizaci\u00f3n Panamericana de la Salud (OPS) recuerda hoy el D\u00eda de la Medicina en las Am\u00e9ricas. El d\u00eda 3 de diciembre fue propuesto por la Federaci\u00f3n M\u00e9dica Argentina, a trav\u00e9s del Profesor Remo Bergoglio, en el Congreso Panamericano que se celebr\u00f3 en 1953 en Dallas, Texas, en homenaje al doctor Carlos Finlay,  m\u00e9dico cubano, que descubri\u00f3 el papel del mosquito trasmisor de la fiebre amarilla.<br \/>\nHoy se cumplen un  a\u00f1os m\u00e1s del nacimiento del doctor Finlay (1833-1915).<br \/>\nDr. Carlos Finlay, distinguido m\u00e9dico cubano que dedic\u00f3 su vida a estudiar la fiebre amarilla, fue uno de los cuatro miembros del comit\u00e9 organizador que en 1902 tuvo a su cargo la creaci\u00f3n de la nueva Oficina Sanitaria Internacional (precursora de la OPS). Llamado por sus cr\u00edticos &#8220;el hombre mosquito&#8221;, Finlay hab\u00eda aducido, desde 1881, que el mosquito era el \u00fanico vector de la fiebre amarilla, pero nunca pudo probar su teor\u00eda. Cuando en 1900, la Junta de la Fiebre Amarilla del Coronel Walter Reed finalmente demostr\u00f3 que Finlay ten\u00eda raz\u00f3n, las condiciones estaban dadas para las iniciativas de erradicaci\u00f3n que no solamente alejaron la enfermedad del Caribe, sino que permitieron la conclusi\u00f3n del Canal de Panam\u00e1.<br \/>\nM\u00e9dicos de todo el continente celebran una vez m\u00e1s el D\u00eda Internacional del M\u00e9dico, instaurado por parte de la Confederaci\u00f3n M\u00e9dica Panamericana el 3 de diciembre de 1933 en honor al m\u00e9dico cubano Carlos Juan Finlay.<br \/>\nLa fecha fue establecida en el marco de un congreso m\u00e9dico mundial celebrado en Dalas, TX., Estados Unidos, cuando se conmemoraba el centenario del natalicio de Finlay, quien a sus 48 a\u00f1os present\u00f3 en la Academia de Ciencias de la Habana un trabajo sobre la propagaci\u00f3n de la fiebre amarilla causada por acci\u00f3n del mosquito Aedes Aegypti, denominado \u201cEl mosquito hipot\u00e9ticamente considerado como agente transmisor de la fiebre amarilla\u201d.<br \/>\nCasi veinte a\u00f1os despu\u00e9s de esa presentaci\u00f3n, que en el momento fue calificada como controvertida, la IV Comisi\u00f3n Americana para el estudio de la Fiebre Amarilla se decidi\u00f3 a comprobar la veracidad de las conclusiones logradas por el m\u00e9dico cubano, concluyendo que, en efecto, su teor\u00eda era cierta y que el mosquito era el \u00fanico responsable de la transmisi\u00f3n de la enfermedad.\u00a8<br \/>\nCon posterioridad al triunfo de la Revoluci\u00f3n cubana, se consider\u00f3 que el 3 de diciembre de cada a\u00f1o deb\u00edan ser objeto de homenaje todos los trabajadores que de cualquier forma dedican su esfuerzo a las dis\u00edmiles labores que tienen que ver con el fomento, la preservaci\u00f3n y el restablecimiento de la salud dentro o fuera del pa\u00eds.<br \/>\nEsta es la raz\u00f3n por la que se celebra desde entonces en esa fecha el \u201cD\u00eda de la Medicina Latinoamericana y del Trabajador de la Salud.<\/p>\n<p>Partes del discurso de Fidel en la ELAN 3 de diciembre del 2002. Nuestros m\u00e9dicos, con sus esfuerzos llevados a cabo a lo largo de m\u00e1s de 40 a\u00f1os, sacrificios por los que pasaron, peligros que debieron soportar, han sido capaces de prestar servicios internacionalistas por decenas y decenas de miles de ellos, m\u00e9dicos y enfermeras, m\u00e9dicos y otros profesionales de la salud. Eso demuestra que es posible, porque lo ha hecho un pa\u00eds subdesarrollado, del Tercer Mundo y encima bloqueado y sometido a una feroz guerra econ\u00f3mica y amenazas constantes de todo tipo.<br \/>\n Una medicina de excelencia como a la que aspiramos y con la cual ni siquiera so\u00f1\u00e1bamos como algo posible, se ir\u00e1 abriendo paso. Un d\u00eda dije, y lo ratifico, que junto a la hoja cl\u00ednica estar\u00e1 el mapa gen\u00e9tico. No concebimos la medicina futura sin que se sepan las predisposiciones gen\u00e9ticas al c\u00e1ncer pulmonar, o al de mama, o al de colon, en fin, a un n\u00famero variado de c\u00e1ncer, con relaci\u00f3n a los cuales pueda existir una clara predisposici\u00f3n gen\u00e9tica. <\/p>\n","protected":false},"excerpt":{"rendered":"<p>FELICIDADES D\u00eda de la Medicina Latinoamericana y del Trabajador de la Salud. As\u00ed como lo hizo Carlos Juan Finlay en su tiempo, d\u00eda a d\u00eda los m\u00e9dicos y el personal de la salud cumplen con la loable labor de transformar la medicina en pro del bienestar general. Por lo tanto, desde la biblioteca del INOR [&hellip;]<\/p>\n","protected":false},"author":176,"featured_media":0,"comment_status":"open","ping_status":"open","sticky":false,"template":"","format":"standard","meta":[],"categories":[1],"tags":[],"_links":{"self":[{"href":"https:\/\/blogs.sld.cu\/inorbib\/wp-json\/wp\/v2\/posts\/3127"}],"collection":[{"href":"https:\/\/blogs.sld.cu\/inorbib\/wp-json\/wp\/v2\/posts"}],"about":[{"href":"https:\/\/blogs.sld.cu\/inorbib\/wp-json\/wp\/v2\/types\/post"}],"author":[{"embeddable":true,"href":"https:\/\/blogs.sld.cu\/inorbib\/wp-json\/wp\/v2\/users\/176"}],"replies":[{"embeddable":true,"href":"https:\/\/blogs.sld.cu\/inorbib\/wp-json\/wp\/v2\/comments?post=3127"}],"version-history":[{"count":1,"href":"https:\/\/blogs.sld.cu\/inorbib\/wp-json\/wp\/v2\/posts\/3127\/revisions"}],"predecessor-version":[{"id":3128,"href":"https:\/\/blogs.sld.cu\/inorbib\/wp-json\/wp\/v2\/posts\/3127\/revisions\/3128"}],"wp:attachment":[{"href":"https:\/\/blogs.sld.cu\/inorbib\/wp-json\/wp\/v2\/media?parent=3127"}],"wp:term":[{"taxonomy":"category","embeddable":true,"href":"https:\/\/blogs.sld.cu\/inorbib\/wp-json\/wp\/v2\/categories?post=3127"},{"taxonomy":"post_tag","embeddable":true,"href":"https:\/\/blogs.sld.cu\/inorbib\/wp-json\/wp\/v2\/tags?post=3127"}],"curies":[{"name":"wp","href":"https:\/\/api.w.org\/{rel}","templated":true}]}}