{"id":3169,"date":"2018-02-02T15:43:40","date_gmt":"2018-02-02T15:43:40","guid":{"rendered":"http:\/\/blogs.sld.cu\/inorbib\/?p=3169"},"modified":"2018-02-02T15:43:40","modified_gmt":"2018-02-02T15:43:40","slug":"dia-mundial-contra-el-cancer-2018-nosotros-podemos-yo-puedo-biblioteca-inor","status":"publish","type":"post","link":"https:\/\/blogs.sld.cu\/inorbib\/2018\/02\/02\/dia-mundial-contra-el-cancer-2018-nosotros-podemos-yo-puedo-biblioteca-inor\/","title":{"rendered":"D\u00eda Mundial contra el c\u00e1ncer 2018: \u2018Nosotros podemos, yo puedo\u2019 Biblioteca INOR"},"content":{"rendered":"<p>La Organizaci\u00f3n Mundial de la Salud, el Centro Internacional de Investigaciones sobre el C\u00e1ncer (CIIC) y la Uni\u00f3n Internacional contra el C\u00e1ncer (UICC) celebran el 4 de febrero de cada a\u00f1o como el D\u00eda Mundial contra el C\u00e1ncer.<\/p>\n<p>El d\u00eda 4 de febrero fue instaurado en el a\u00f1o 2000 como D\u00eda Mundial del C\u00e1ncer con el objetivo de aumentar la concienciaci\u00f3n y movilizar a la sociedad para avanzar en la prevenci\u00f3n y control de esta enfermedad.<\/p>\n<p>Este a\u00f1o, el D\u00eda Mundial contra el c\u00e1ncer 2018, se celebra bajo el lema \u201cNosotros podemos, yo puedo \u2018con la idea de poner \u00e9nfasis en la necesidad de emprender acciones y poner en marcha todo lo que ya sabemos para impulsar la lucha global contra esta enfermedad. Ofrece una oportunidad para reflexionar y pensar en lo que queremos hacer, para comprometernos y para actuar<\/p>\n<p>Tal y como destaca la UICC, porque la epidemia mundial de c\u00e1ncer es de enormes dimensiones, y se prev\u00e9 que vaya en aumento. Actualmente, 8,2 millones de personas en el mundo mueren de c\u00e1ncer, cifra que incluye 4 millones de muertes prematuras (personas en edades comprendidas entre los 30 y los 69 a\u00f1os).<\/p>\n<p>La prevenci\u00f3n y la detecci\u00f3n temprana son fundamentales para detener el alarmante aumento de la incidencia de esta enfermedad. M\u00e1s del 60% de los casos se concentran en \u00c1frica, Asia, Am\u00e9rica Central y del Sur. Esas regiones registran el 70% de las muertes a nivel global, principalmente por la falta de detecci\u00f3n temprana de la enfermedad y el acceso a tratamientos.<\/p>\n","protected":false},"excerpt":{"rendered":"<p>La Organizaci\u00f3n Mundial de la Salud, el Centro Internacional de Investigaciones sobre el C\u00e1ncer (CIIC) y la Uni\u00f3n Internacional contra el C\u00e1ncer (UICC) celebran el 4 de febrero de cada a\u00f1o como el D\u00eda Mundial contra el C\u00e1ncer. El d\u00eda 4 de febrero fue instaurado en el a\u00f1o 2000 como D\u00eda Mundial del C\u00e1ncer con [&hellip;]<\/p>\n","protected":false},"author":176,"featured_media":0,"comment_status":"open","ping_status":"open","sticky":false,"template":"","format":"standard","meta":[],"categories":[1],"tags":[],"_links":{"self":[{"href":"https:\/\/blogs.sld.cu\/inorbib\/wp-json\/wp\/v2\/posts\/3169"}],"collection":[{"href":"https:\/\/blogs.sld.cu\/inorbib\/wp-json\/wp\/v2\/posts"}],"about":[{"href":"https:\/\/blogs.sld.cu\/inorbib\/wp-json\/wp\/v2\/types\/post"}],"author":[{"embeddable":true,"href":"https:\/\/blogs.sld.cu\/inorbib\/wp-json\/wp\/v2\/users\/176"}],"replies":[{"embeddable":true,"href":"https:\/\/blogs.sld.cu\/inorbib\/wp-json\/wp\/v2\/comments?post=3169"}],"version-history":[{"count":1,"href":"https:\/\/blogs.sld.cu\/inorbib\/wp-json\/wp\/v2\/posts\/3169\/revisions"}],"predecessor-version":[{"id":3170,"href":"https:\/\/blogs.sld.cu\/inorbib\/wp-json\/wp\/v2\/posts\/3169\/revisions\/3170"}],"wp:attachment":[{"href":"https:\/\/blogs.sld.cu\/inorbib\/wp-json\/wp\/v2\/media?parent=3169"}],"wp:term":[{"taxonomy":"category","embeddable":true,"href":"https:\/\/blogs.sld.cu\/inorbib\/wp-json\/wp\/v2\/categories?post=3169"},{"taxonomy":"post_tag","embeddable":true,"href":"https:\/\/blogs.sld.cu\/inorbib\/wp-json\/wp\/v2\/tags?post=3169"}],"curies":[{"name":"wp","href":"https:\/\/api.w.org\/{rel}","templated":true}]}}