{"id":3410,"date":"2021-04-01T15:19:53","date_gmt":"2021-04-01T15:19:53","guid":{"rendered":"http:\/\/blogs.sld.cu\/inorbib\/?p=3410"},"modified":"2021-04-01T15:19:53","modified_gmt":"2021-04-01T15:19:53","slug":"la-organizacion-mundial-de-la-salud-oms-ha-criticado-este-jueves-la-inaceptable","status":"publish","type":"post","link":"https:\/\/blogs.sld.cu\/inorbib\/2021\/04\/01\/la-organizacion-mundial-de-la-salud-oms-ha-criticado-este-jueves-la-inaceptable\/","title":{"rendered":"La Organizaci\u00f3n Mundial de la Salud (OMS) ha criticado este jueves la &#8220;inaceptable&#8221;&#8230;"},"content":{"rendered":"<p><strong>La Organizaci\u00f3n Mundial de la Salud (OMS) ha criticado este jueves la &#8220;inaceptable&#8221;&#8230;<\/strong><\/p>\n<p>La Organizaci\u00f3n Mundial de la Salud (<strong>OMS<\/strong>) ha criticado este jueves la &#8220;inaceptable&#8221; lentitud en la<strong> vacunaci\u00f3n en Europa<\/strong>, en un momento en que la pandemia de <strong>covid-19<\/strong> tambi\u00e9n se agrava en Am\u00e9rica Latina, sobre todo en Brasil, que registr\u00f3 en marzo su mes m\u00e1s letal.<\/p>\n<p>&#8220;Actualmente la situaci\u00f3n regional es la m\u00e1s preocupante desde hace varios meses&#8221;, ha indicado el director de la divisi\u00f3n Europa de la OMS, <strong>Hans Kluge<\/strong>, <strong>urgiendo a acelerar las campa\u00f1as de vacunaci\u00f3n<\/strong> en este continente.<\/p>\n<p>&#8220;Debemos acelerar el proceso reforzando la producci\u00f3n, reduciendo los obst\u00e1culos a [su] administraci\u00f3n (&#8230;) y <strong>utilizando todas las dosis&#8221; almacenadas<\/strong>, ha agregado Kluge.<\/p>\n<p>Europa alberga un 12% de la poblaci\u00f3n mundial y ha administrado hasta ahora m\u00e1s de 152 millones de dosis de vacuna anticovid, es decir <strong>una cuarta parte de las inyectadas en el mundo<\/strong>. En Europa, un 10% de la poblaci\u00f3n recibi\u00f3 una dosis de la vacuna y un 4% recibi\u00f3 las dos, seg\u00fan la organizaci\u00f3n.<\/p>\n<p><strong>Europa endurece las restricciones<\/strong><\/p>\n<p>En este contexto grave, numerosos pa\u00edses europeos recrudecen sus medidas para intentar frenar la propagaci\u00f3n del virus, especialmente limitando los viajes.<\/p>\n<p><strong>Alemania <\/strong>reforzar\u00e1 durante los pr\u00f3ximos &#8220;8 a 14 d\u00edas&#8221; los c<strong>ontroles en sus fronteras terrestres<\/strong>, mientras que <strong>Italia <\/strong>decidi\u00f3 prolongar sus medidas hasta el 30 de abril. En <strong>Austria<\/strong>, la regi\u00f3n de Viena se confinar\u00e1 en Pascua.<\/p>\n<p>En <strong>Francia<\/strong>, donde la situaci\u00f3n sanitaria se degrada desde hace varias semanas y ya se rozan los 100.000 muertos, se cerrar\u00e1n las escuelas al menos tres semanas y<a href=\"https:\/\/www.elmundo.es\/internacional\/2021\/03\/31\/6064a1b2fdddfff1338b45c4.html\"> se extender\u00e1n las restricciones a todo el territorio<\/a>.<\/p>\n<p>El consumo de alcohol en la calle estar\u00e1 prohibido durante las pr\u00f3ximas semanas y tambi\u00e9n se podr\u00e1 limitar el acceso a lugares propicios para las reuniones al aire libre, anunci\u00f3 el primer ministro franc\u00e9s, Jean Castex, este jueves.<\/p>\n<p><strong>Europa suma el mayor n\u00famero<\/strong><\/p>\n<p>De los 2,8 millones de muertos registrados en el mundo desde diciembre de 2019, <strong>Europa suma el mayor n\u00famero con unos 958.000 decesos<\/strong>, seguida de Am\u00e9rica Latina y el Caribe (unos 783.500) y Estados Unidos y Canad\u00e1 (575.000), seg\u00fan un balance de la AFP el jueves.<\/p>\n<p>En la zona Europa, &#8211;que incluye medio centenar de pa\u00edses, incluidos Rusia y varios Estados de Asia central&#8211;, los decesos fueron m\u00e1s de 24.000 la semana pasada y se acercan &#8220;r\u00e1pidamente&#8221; al mill\u00f3n en total, seg\u00fan la organizaci\u00f3n.<\/p>\n<p><em>Tomado de:<\/em> <em>https:\/\/www.elmundo.es\/ciencia-y-salud<\/em><\/p>\n<p>&nbsp;<\/p>\n<p>&nbsp;<\/p>\n","protected":false},"excerpt":{"rendered":"<p>La Organizaci\u00f3n Mundial de la Salud (OMS) ha criticado este jueves la &#8220;inaceptable&#8221;&#8230; La Organizaci\u00f3n Mundial de la Salud (OMS) ha criticado este jueves la &#8220;inaceptable&#8221; lentitud en la vacunaci\u00f3n en Europa, en un momento en que la pandemia de covid-19 tambi\u00e9n se agrava en Am\u00e9rica Latina, sobre todo en Brasil, que registr\u00f3 en marzo [&hellip;]<\/p>\n","protected":false},"author":176,"featured_media":0,"comment_status":"open","ping_status":"open","sticky":false,"template":"","format":"standard","meta":[],"categories":[1],"tags":[],"_links":{"self":[{"href":"https:\/\/blogs.sld.cu\/inorbib\/wp-json\/wp\/v2\/posts\/3410"}],"collection":[{"href":"https:\/\/blogs.sld.cu\/inorbib\/wp-json\/wp\/v2\/posts"}],"about":[{"href":"https:\/\/blogs.sld.cu\/inorbib\/wp-json\/wp\/v2\/types\/post"}],"author":[{"embeddable":true,"href":"https:\/\/blogs.sld.cu\/inorbib\/wp-json\/wp\/v2\/users\/176"}],"replies":[{"embeddable":true,"href":"https:\/\/blogs.sld.cu\/inorbib\/wp-json\/wp\/v2\/comments?post=3410"}],"version-history":[{"count":1,"href":"https:\/\/blogs.sld.cu\/inorbib\/wp-json\/wp\/v2\/posts\/3410\/revisions"}],"predecessor-version":[{"id":3411,"href":"https:\/\/blogs.sld.cu\/inorbib\/wp-json\/wp\/v2\/posts\/3410\/revisions\/3411"}],"wp:attachment":[{"href":"https:\/\/blogs.sld.cu\/inorbib\/wp-json\/wp\/v2\/media?parent=3410"}],"wp:term":[{"taxonomy":"category","embeddable":true,"href":"https:\/\/blogs.sld.cu\/inorbib\/wp-json\/wp\/v2\/categories?post=3410"},{"taxonomy":"post_tag","embeddable":true,"href":"https:\/\/blogs.sld.cu\/inorbib\/wp-json\/wp\/v2\/tags?post=3410"}],"curies":[{"name":"wp","href":"https:\/\/api.w.org\/{rel}","templated":true}]}}