{"id":3428,"date":"2021-06-18T13:38:12","date_gmt":"2021-06-18T13:38:12","guid":{"rendered":"http:\/\/blogs.sld.cu\/inorbib\/?p=3428"},"modified":"2021-06-18T13:38:12","modified_gmt":"2021-06-18T13:38:12","slug":"felicidades-en-el-dia-de-los-padre","status":"publish","type":"post","link":"https:\/\/blogs.sld.cu\/inorbib\/2021\/06\/18\/felicidades-en-el-dia-de-los-padre\/","title":{"rendered":"\u00a1Felicidades en el D\u00eda de los Padre."},"content":{"rendered":"<h3><strong><em>\u00a0 \u00a0 \u00a0 \u00a0 \u00a0 \u00a0 \u00a0 \u00a0 \u00a0 \u00a0 \u00a0 \u00a0 \u00a0\u00a0<span style=\"color: #3366ff\"> \u00a1Felicidades en el D\u00eda de los Padres\u00a1<\/span><\/em><\/strong><\/h3>\n<p>&nbsp;<\/p>\n<p><span style=\"color: #0000ff\"><strong><em>Gracias Pap\u00e1 por todo, por lo que me ense\u00f1aste, lo que me diste, por tu aliento, tus consejos y tu apoyo en los momentos dif\u00edciles. \u00a1Felicidades en el D\u00eda del Padre.<\/em><\/strong><\/span><\/p>\n<p><span style=\"color: #000000\"><strong>Este tercer domingo de junio amanecer\u00e1 m\u00e1s temprano, el sol se sentir\u00e1 m\u00e1s fuerte y daremos abrazos para reciprocar el amor recibido, la primera frase del d\u00eda ser\u00e1 en cada hogar: \u00a1Felicidades pap\u00e1!<\/strong><\/span><\/p>\n<p style=\"text-align: justify\"><span style=\"color: #000000\">En Cuba, la primera celebraci\u00f3n de esta fecha se remonta a 1938, cuando la escritora Dulce Mar\u00eda Borrero, realiz\u00f3 varias acciones para lograr instaurar esta tradici\u00f3n como muestra de amor al cari\u00f1o entregado por los padres. La fecha escogida fue tambi\u00e9n el tercer domingo de junio, como acontece en muchos pa\u00edses de Am\u00e9rica Latina.<\/span><\/p>\n<p style=\"text-align: justify\"><span style=\"color: #000000\">Ese acto de amor no es una tradici\u00f3n local cubana; se remonta a 1909 cuando la norteamericana Sonora Smart se propuso se\u00f1alar un d\u00eda especial para honrar a su padre, Henry Jackson Smart, veterano de la guerra civil, quien se qued\u00f3 viudo y a cargo de la crianza de seis ni\u00f1os. Su dedicaci\u00f3n fue memorable, tanto que inspir\u00f3 a su hija Sonora a reclamar para los padres el mismo homenaje que se dedicaba a las madres el segundo domingo de mayo.<\/span><\/p>\n<p><span style=\"color: #000000\"><strong><em>\u00a0<\/em><\/strong><\/span><\/p>\n<p><span style=\"color: #000000\"><strong><em>En el D\u00eda de los Padres envuelvo con cari\u00f1o en un sobre de ternura, te entrego el mejor de los regalos, un beso bien grande y todo mi coraz\u00f3n<\/em><\/strong><em>.<\/em><\/span><\/p>\n<p><span style=\"color: #000000\"><strong><em>\u00a0<\/em><\/strong><\/span><\/p>\n<p><span style=\"color: #000000\"><strong><em>Felicidades Pap\u00e1 y vive orgulloso sabiendo que aunque lejos, alguien piensa en ti cada d\u00eda y no te olvida. \u00a1Felicidades en el D\u00eda de los Padres!<\/em><\/strong><\/span><\/p>\n<p><span style=\"color: #000000\"><strong><em>\u00a0<\/em><\/strong><\/span><\/p>\n<p><span style=\"color: #000000\"><strong><em>Biblioteca INOR<\/em><\/strong><\/span><\/p>\n<p><span style=\"color: #000000\"><em>\u00a0<\/em><\/span><\/p>\n","protected":false},"excerpt":{"rendered":"<p>\u00a0 \u00a0 \u00a0 \u00a0 \u00a0 \u00a0 \u00a0 \u00a0 \u00a0 \u00a0 \u00a0 \u00a0 \u00a0\u00a0 \u00a1Felicidades en el D\u00eda de los Padres\u00a1 &nbsp; Gracias Pap\u00e1 por todo, por lo que me ense\u00f1aste, lo que me diste, por tu aliento, tus consejos y tu apoyo en los momentos dif\u00edciles. \u00a1Felicidades en el D\u00eda del Padre. Este tercer domingo [&hellip;]<\/p>\n","protected":false},"author":176,"featured_media":0,"comment_status":"open","ping_status":"open","sticky":false,"template":"","format":"standard","meta":[],"categories":[1],"tags":[],"_links":{"self":[{"href":"https:\/\/blogs.sld.cu\/inorbib\/wp-json\/wp\/v2\/posts\/3428"}],"collection":[{"href":"https:\/\/blogs.sld.cu\/inorbib\/wp-json\/wp\/v2\/posts"}],"about":[{"href":"https:\/\/blogs.sld.cu\/inorbib\/wp-json\/wp\/v2\/types\/post"}],"author":[{"embeddable":true,"href":"https:\/\/blogs.sld.cu\/inorbib\/wp-json\/wp\/v2\/users\/176"}],"replies":[{"embeddable":true,"href":"https:\/\/blogs.sld.cu\/inorbib\/wp-json\/wp\/v2\/comments?post=3428"}],"version-history":[{"count":2,"href":"https:\/\/blogs.sld.cu\/inorbib\/wp-json\/wp\/v2\/posts\/3428\/revisions"}],"predecessor-version":[{"id":3430,"href":"https:\/\/blogs.sld.cu\/inorbib\/wp-json\/wp\/v2\/posts\/3428\/revisions\/3430"}],"wp:attachment":[{"href":"https:\/\/blogs.sld.cu\/inorbib\/wp-json\/wp\/v2\/media?parent=3428"}],"wp:term":[{"taxonomy":"category","embeddable":true,"href":"https:\/\/blogs.sld.cu\/inorbib\/wp-json\/wp\/v2\/categories?post=3428"},{"taxonomy":"post_tag","embeddable":true,"href":"https:\/\/blogs.sld.cu\/inorbib\/wp-json\/wp\/v2\/tags?post=3428"}],"curies":[{"name":"wp","href":"https:\/\/api.w.org\/{rel}","templated":true}]}}